{"id":991,"date":"2017-12-30T13:38:45","date_gmt":"2017-12-30T13:38:45","guid":{"rendered":"http:\/\/blog.orchideen-journal.de\/?p=991"},"modified":"2017-12-31T12:28:59","modified_gmt":"2017-12-31T12:28:59","slug":"coelogyne-mooreana-x-cristata","status":"publish","type":"post","link":"https:\/\/orchideen-journal.de\/?p=991","title":{"rendered":"Coelogyne mooreana x cristata"},"content":{"rendered":"<p>Diese Hybride bl\u00fcht zwar mehrmals im Jahr, immer wenn sie kr\u00e4ftige Neutriebe bildet, aber oft bl\u00fcht sie auch um Weihnachten kurz vor der Bl\u00fcte von <em>Coelogyne cristata<\/em>. Trotz der sehr m\u00e4\u00dfigen Lichtversorgung haben jetzt zwei Pflanzen sehr sch\u00f6n gebl\u00fcht. Sie bringen mit ihren dottergelben Lippen eine eigenartige Fr\u00f6hlichkeit in diese tr\u00fcben Wintertage. (Die Hybride hat den Namen \u00a0Mem. Wilhelm Micholitz und erinnert an diesen bekannten Orchideensammler, der von \u00a01854 bis 1932 lebte und auch f\u00fcr Frederick Sander sammelte.)\u00a0Herbert Reisinger hat mich darauf aufmerksam gemacht, dass der Hybridenname Linda Buckley ist. Da bin ich einer falschen Internetquelle aufgesessen.<\/p>\n<figure id=\"attachment_992\" aria-describedby=\"caption-attachment-992\" style=\"width: 660px\" class=\"wp-caption aligncenter\"><a href=\"http:\/\/blog.orchideen-journal.de\/wp-content\/uploads\/2017\/12\/IMG_8826.jpg\"><img loading=\"lazy\" decoding=\"async\" class=\"size-large wp-image-992\" src=\"http:\/\/blog.orchideen-journal.de\/wp-content\/uploads\/2017\/12\/IMG_8826-1024x683.jpg\" alt=\"\" width=\"660\" height=\"440\" srcset=\"https:\/\/orchideen-journal.de\/wp-content\/uploads\/2017\/12\/IMG_8826-1024x683.jpg 1024w, https:\/\/orchideen-journal.de\/wp-content\/uploads\/2017\/12\/IMG_8826-300x200.jpg 300w, https:\/\/orchideen-journal.de\/wp-content\/uploads\/2017\/12\/IMG_8826-768x512.jpg 768w\" sizes=\"(max-width: 660px) 100vw, 660px\" \/><\/a><figcaption id=\"caption-attachment-992\" class=\"wp-caption-text\">Coelogyne Mem. Wilhelm Micholitz<\/figcaption><\/figure>\n<p>Kultur der Pflanze k\u00fchl, m\u00f6glichst hell, nach der Bl\u00fcte bildet die Pflanze mit Hilfe der \u00a0bl\u00fctenumh\u00fcllenden Bl\u00e4ttern eine neue Bulbe, diese sollte m\u00f6glichst gro\u00df sein, damit der n\u00e4chste Neutrieb wider Bl\u00fcten tr\u00e4gt. Also w\u00e4hrend des Bulbenwachstums reichlich Wasser und D\u00fcnger.<\/p>\n","protected":false},"excerpt":{"rendered":"<p>Diese Hybride bl\u00fcht zwar mehrmals im Jahr, immer wenn sie kr\u00e4ftige Neutriebe bildet, aber oft bl\u00fcht sie auch um Weihnachten kurz vor der Bl\u00fcte von Coelogyne cristata. Trotz der sehr m\u00e4\u00dfigen Lichtversorgung haben jetzt zwei Pflanzen sehr sch\u00f6n gebl\u00fcht. Sie bringen mit ihren dottergelben Lippen eine eigenartige Fr\u00f6hlichkeit in diese tr\u00fcben Wintertage. (Die Hybride hat &hellip; <\/p>\n<p class=\"link-more\"><a href=\"https:\/\/orchideen-journal.de\/?p=991\" class=\"more-link\"><span class=\"screen-reader-text\">\u201eCoelogyne mooreana x cristata\u201c<\/span> weiterlesen<\/a><\/p>\n","protected":false},"author":3,"featured_media":0,"comment_status":"open","ping_status":"open","sticky":false,"template":"","format":"standard","meta":{"footnotes":""},"categories":[1],"tags":[],"_links":{"self":[{"href":"https:\/\/orchideen-journal.de\/index.php?rest_route=\/wp\/v2\/posts\/991"}],"collection":[{"href":"https:\/\/orchideen-journal.de\/index.php?rest_route=\/wp\/v2\/posts"}],"about":[{"href":"https:\/\/orchideen-journal.de\/index.php?rest_route=\/wp\/v2\/types\/post"}],"author":[{"embeddable":true,"href":"https:\/\/orchideen-journal.de\/index.php?rest_route=\/wp\/v2\/users\/3"}],"replies":[{"embeddable":true,"href":"https:\/\/orchideen-journal.de\/index.php?rest_route=%2Fwp%2Fv2%2Fcomments&post=991"}],"version-history":[{"count":4,"href":"https:\/\/orchideen-journal.de\/index.php?rest_route=\/wp\/v2\/posts\/991\/revisions"}],"predecessor-version":[{"id":997,"href":"https:\/\/orchideen-journal.de\/index.php?rest_route=\/wp\/v2\/posts\/991\/revisions\/997"}],"wp:attachment":[{"href":"https:\/\/orchideen-journal.de\/index.php?rest_route=%2Fwp%2Fv2%2Fmedia&parent=991"}],"wp:term":[{"taxonomy":"category","embeddable":true,"href":"https:\/\/orchideen-journal.de\/index.php?rest_route=%2Fwp%2Fv2%2Fcategories&post=991"},{"taxonomy":"post_tag","embeddable":true,"href":"https:\/\/orchideen-journal.de\/index.php?rest_route=%2Fwp%2Fv2%2Ftags&post=991"}],"curies":[{"name":"wp","href":"https:\/\/api.w.org\/{rel}","templated":true}]}}