{"id":983,"date":"2017-12-19T14:50:00","date_gmt":"2017-12-19T14:50:00","guid":{"rendered":"http:\/\/blog.orchideen-journal.de\/?p=983"},"modified":"2017-12-19T14:50:00","modified_gmt":"2017-12-19T14:50:00","slug":"pleurothallis-teaguei","status":"publish","type":"post","link":"https:\/\/orchideen-journal.de\/?p=983","title":{"rendered":"Pleurothallis teaguei"},"content":{"rendered":"<p>Noch aus der Zeit meiner besonderen Faszination f\u00fcr s\u00fcdamerikanische Orchideen stammt diese <em>Pleurothallis<\/em>. Sie wurde 1996 von Luer f\u00fcr Teague, einen amerikanischen Botaniker beschrieben. \u00a0Die Pflanze stammt aus Ecuador, w\u00e4chst in H\u00f6henlagen zwischen 750 und 1600m H\u00f6he. Die Pflanze kann offenbar von k\u00fchl bis warm kultiviert werden. Sie gilt als gro\u00dfe Pflanze, wohl weil die Stiele und das gro\u00dfe Blatt \u00fcber 50 cm hoch werden k\u00f6nnen. Die Bl\u00fcten erscheinen zu mehreren auf dem Blatt. Solange das Blatt gr\u00fcn ist, \u00a0k\u00f6nnen aus alten Bl\u00fctenanlagen neue Bl\u00fcten generiert werden.<\/p>\n<figure id=\"attachment_984\" aria-describedby=\"caption-attachment-984\" style=\"width: 660px\" class=\"wp-caption aligncenter\"><a href=\"http:\/\/blog.orchideen-journal.de\/wp-content\/uploads\/2017\/12\/IMG_0239.jpg\"><img loading=\"lazy\" decoding=\"async\" class=\"size-large wp-image-984\" src=\"http:\/\/blog.orchideen-journal.de\/wp-content\/uploads\/2017\/12\/IMG_0239-1024x683.jpg\" alt=\"\" width=\"660\" height=\"440\" srcset=\"https:\/\/orchideen-journal.de\/wp-content\/uploads\/2017\/12\/IMG_0239-1024x683.jpg 1024w, https:\/\/orchideen-journal.de\/wp-content\/uploads\/2017\/12\/IMG_0239-300x200.jpg 300w, https:\/\/orchideen-journal.de\/wp-content\/uploads\/2017\/12\/IMG_0239-768x512.jpg 768w, https:\/\/orchideen-journal.de\/wp-content\/uploads\/2017\/12\/IMG_0239.jpg 1417w\" sizes=\"(max-width: 660px) 100vw, 660px\" \/><\/a><figcaption id=\"caption-attachment-984\" class=\"wp-caption-text\">Pleurothallis teaguei<\/figcaption><\/figure>\n<p>Ich kultiviere meine Pflanze in einem Holzk\u00f6rbchen mit zu wenig Wasser, denn sie hat nur wenige Bl\u00e4tter. Trotzdem bl\u00fcht sie jetzt wieder einmal.<\/p>\n<p>Zwischenzeitlich war die Pflanze mal eine <em>Acronia,<\/em>scheint aber jetzt wieder eine Pleurothallis zu sein.<\/p>\n","protected":false},"excerpt":{"rendered":"<p>Noch aus der Zeit meiner besonderen Faszination f\u00fcr s\u00fcdamerikanische Orchideen stammt diese Pleurothallis. Sie wurde 1996 von Luer f\u00fcr Teague, einen amerikanischen Botaniker beschrieben. \u00a0Die Pflanze stammt aus Ecuador, w\u00e4chst in H\u00f6henlagen zwischen 750 und 1600m H\u00f6he. Die Pflanze kann offenbar von k\u00fchl bis warm kultiviert werden. Sie gilt als gro\u00dfe Pflanze, wohl weil die &hellip; <\/p>\n<p class=\"link-more\"><a href=\"https:\/\/orchideen-journal.de\/?p=983\" class=\"more-link\"><span class=\"screen-reader-text\">\u201ePleurothallis teaguei\u201c<\/span> weiterlesen<\/a><\/p>\n","protected":false},"author":3,"featured_media":0,"comment_status":"open","ping_status":"open","sticky":false,"template":"","format":"standard","meta":{"footnotes":""},"categories":[1],"tags":[],"_links":{"self":[{"href":"https:\/\/orchideen-journal.de\/index.php?rest_route=\/wp\/v2\/posts\/983"}],"collection":[{"href":"https:\/\/orchideen-journal.de\/index.php?rest_route=\/wp\/v2\/posts"}],"about":[{"href":"https:\/\/orchideen-journal.de\/index.php?rest_route=\/wp\/v2\/types\/post"}],"author":[{"embeddable":true,"href":"https:\/\/orchideen-journal.de\/index.php?rest_route=\/wp\/v2\/users\/3"}],"replies":[{"embeddable":true,"href":"https:\/\/orchideen-journal.de\/index.php?rest_route=%2Fwp%2Fv2%2Fcomments&post=983"}],"version-history":[{"count":1,"href":"https:\/\/orchideen-journal.de\/index.php?rest_route=\/wp\/v2\/posts\/983\/revisions"}],"predecessor-version":[{"id":985,"href":"https:\/\/orchideen-journal.de\/index.php?rest_route=\/wp\/v2\/posts\/983\/revisions\/985"}],"wp:attachment":[{"href":"https:\/\/orchideen-journal.de\/index.php?rest_route=%2Fwp%2Fv2%2Fmedia&parent=983"}],"wp:term":[{"taxonomy":"category","embeddable":true,"href":"https:\/\/orchideen-journal.de\/index.php?rest_route=%2Fwp%2Fv2%2Fcategories&post=983"},{"taxonomy":"post_tag","embeddable":true,"href":"https:\/\/orchideen-journal.de\/index.php?rest_route=%2Fwp%2Fv2%2Ftags&post=983"}],"curies":[{"name":"wp","href":"https:\/\/api.w.org\/{rel}","templated":true}]}}