{"id":979,"date":"2017-12-09T13:23:53","date_gmt":"2017-12-09T13:23:53","guid":{"rendered":"http:\/\/blog.orchideen-journal.de\/?p=979"},"modified":"2017-12-09T13:23:53","modified_gmt":"2017-12-09T13:23:53","slug":"vanda-tricolor","status":"publish","type":"post","link":"https:\/\/orchideen-journal.de\/?p=979","title":{"rendered":"Vanda tricolor"},"content":{"rendered":"<p>Zur Einweihung meines Gew\u00e4chshauses vor mehr als 10 Jahren hat mir ein Orchideenfreund eine <em>Vanda tricolor<\/em> geschenkt. Sie hat sich bei mir stark verzweigt und nimmt viel Raum ein. Trotzdem bl\u00fcht sie nur selten, das hat wohl mit dem Licht zu tun. Und eventuell auch mit der Wasser und D\u00fcngerversorgung. Seit einiger Zeit d\u00fcnge ich meine Orchideen w\u00f6chentlich. jedenfalls im Sommer. Nach Messungen mit ungef\u00e4hr 600 Mikrosiemens Salzgehalt. Der D\u00fcnger wie gehabt Orchid Focus aus Gro\u00dfbritannien. Dazu verwende ich noch Chelsea Hormontropfen. Na ja kann auch Aberglaube sein, aber ich bilde mir ein es bewirkt etwas, mehr Wurzeln, kr\u00e4ftigere Triebe und nat\u00fcrlich Bl\u00fcten.<\/p>\n<figure id=\"attachment_980\" aria-describedby=\"caption-attachment-980\" style=\"width: 660px\" class=\"wp-caption aligncenter\"><a href=\"http:\/\/blog.orchideen-journal.de\/wp-content\/uploads\/2017\/12\/IMG_8746.jpg\"><img loading=\"lazy\" decoding=\"async\" class=\"size-large wp-image-980\" src=\"http:\/\/blog.orchideen-journal.de\/wp-content\/uploads\/2017\/12\/IMG_8746-1024x683.jpg\" alt=\"\" width=\"660\" height=\"440\" srcset=\"https:\/\/orchideen-journal.de\/wp-content\/uploads\/2017\/12\/IMG_8746-1024x683.jpg 1024w, https:\/\/orchideen-journal.de\/wp-content\/uploads\/2017\/12\/IMG_8746-300x200.jpg 300w, https:\/\/orchideen-journal.de\/wp-content\/uploads\/2017\/12\/IMG_8746-768x512.jpg 768w\" sizes=\"(max-width: 660px) 100vw, 660px\" \/><\/a><figcaption id=\"caption-attachment-980\" class=\"wp-caption-text\">Vanda tricolor<\/figcaption><\/figure>\n<p><em>Vanda tricolor<\/em> stammt aus West Java aus H\u00f6henlagen von 700 &#8211; 1600m H\u00f6he, Pflanze hat ca. 25 cm lange Bl\u00e4tter und der Bl\u00fctenstand kann 6-9 Bl\u00fcten haben. Die Bl\u00fcten duften schwach s\u00fcsslich. Kultur warm bis kalt. Ich sch\u00e4tze einmal, dass sie deshalb bei mir so gut gedeiht. Die Pflanze l\u00e4sst sich leicht durch Kopfstecklinge vermehren, die allerdings m\u00f6glichst eine oder mehrere Wurzeln haben sollten.<\/p>\n","protected":false},"excerpt":{"rendered":"<p>Zur Einweihung meines Gew\u00e4chshauses vor mehr als 10 Jahren hat mir ein Orchideenfreund eine Vanda tricolor geschenkt. Sie hat sich bei mir stark verzweigt und nimmt viel Raum ein. Trotzdem bl\u00fcht sie nur selten, das hat wohl mit dem Licht zu tun. Und eventuell auch mit der Wasser und D\u00fcngerversorgung. Seit einiger Zeit d\u00fcnge ich &hellip; <\/p>\n<p class=\"link-more\"><a href=\"https:\/\/orchideen-journal.de\/?p=979\" class=\"more-link\"><span class=\"screen-reader-text\">\u201eVanda tricolor\u201c<\/span> weiterlesen<\/a><\/p>\n","protected":false},"author":3,"featured_media":0,"comment_status":"open","ping_status":"open","sticky":false,"template":"","format":"standard","meta":{"footnotes":""},"categories":[1],"tags":[],"_links":{"self":[{"href":"https:\/\/orchideen-journal.de\/index.php?rest_route=\/wp\/v2\/posts\/979"}],"collection":[{"href":"https:\/\/orchideen-journal.de\/index.php?rest_route=\/wp\/v2\/posts"}],"about":[{"href":"https:\/\/orchideen-journal.de\/index.php?rest_route=\/wp\/v2\/types\/post"}],"author":[{"embeddable":true,"href":"https:\/\/orchideen-journal.de\/index.php?rest_route=\/wp\/v2\/users\/3"}],"replies":[{"embeddable":true,"href":"https:\/\/orchideen-journal.de\/index.php?rest_route=%2Fwp%2Fv2%2Fcomments&post=979"}],"version-history":[{"count":1,"href":"https:\/\/orchideen-journal.de\/index.php?rest_route=\/wp\/v2\/posts\/979\/revisions"}],"predecessor-version":[{"id":981,"href":"https:\/\/orchideen-journal.de\/index.php?rest_route=\/wp\/v2\/posts\/979\/revisions\/981"}],"wp:attachment":[{"href":"https:\/\/orchideen-journal.de\/index.php?rest_route=%2Fwp%2Fv2%2Fmedia&parent=979"}],"wp:term":[{"taxonomy":"category","embeddable":true,"href":"https:\/\/orchideen-journal.de\/index.php?rest_route=%2Fwp%2Fv2%2Fcategories&post=979"},{"taxonomy":"post_tag","embeddable":true,"href":"https:\/\/orchideen-journal.de\/index.php?rest_route=%2Fwp%2Fv2%2Ftags&post=979"}],"curies":[{"name":"wp","href":"https:\/\/api.w.org\/{rel}","templated":true}]}}