{"id":964,"date":"2017-11-14T17:19:09","date_gmt":"2017-11-14T17:19:09","guid":{"rendered":"http:\/\/blog.orchideen-journal.de\/?p=964"},"modified":"2017-11-14T17:19:09","modified_gmt":"2017-11-14T17:19:09","slug":"bulbophyllum-careyanum","status":"publish","type":"post","link":"https:\/\/orchideen-journal.de\/?p=964","title":{"rendered":"Bulbophyllum careyanum"},"content":{"rendered":"<p>Vor einigen Jahren habe ich bei der Schwerter Orchideenzucht dieses <em>Bulbophyllum<\/em> mitgenommen, um anl\u00e4sslich einer Umpflanzaktion beim Gartenbauverein etwas Werbung f\u00fcr andere Orchideen, die keine <em>Phalaenopsis<\/em> sind, zu machen. Irgendwie ist die Pflanze dann bei mir geblieben, weil sich niemand fand, der sie haben wollte.<\/p>\n<figure id=\"attachment_965\" aria-describedby=\"caption-attachment-965\" style=\"width: 283px\" class=\"wp-caption aligncenter\"><a href=\"http:\/\/blog.orchideen-journal.de\/wp-content\/uploads\/2017\/11\/IMG_8531.jpg\"><img loading=\"lazy\" decoding=\"async\" class=\"size-full wp-image-965\" src=\"http:\/\/blog.orchideen-journal.de\/wp-content\/uploads\/2017\/11\/IMG_8531.jpg\" alt=\"\" width=\"283\" height=\"425\" srcset=\"https:\/\/orchideen-journal.de\/wp-content\/uploads\/2017\/11\/IMG_8531.jpg 283w, https:\/\/orchideen-journal.de\/wp-content\/uploads\/2017\/11\/IMG_8531-200x300.jpg 200w\" sizes=\"(max-width: 283px) 100vw, 283px\" \/><\/a><figcaption id=\"caption-attachment-965\" class=\"wp-caption-text\">Bulbophyllum careyanum<\/figcaption><\/figure>\n<p>Jetzt bl\u00fcht sie wieder. Sie stammt aus dem \u00f6stlichen Himalaya und den L\u00e4ndern Myanmar, Thailand und Vietnam. H\u00f6henlagen 200 bis 2100m. H\u00e4ngt bei mir hell und k\u00fchl und kann angeblich sogar \u00a0austrocknen im Substrat, sie kann von warm bis kalt kultiviert werden. Im Moment steht sie noch in Sphagnum, welches ich im Fr\u00fchjahr gegen Rindensubstrat \u00a0austauschen werde.<\/p>\n<p>&nbsp;<\/p>\n","protected":false},"excerpt":{"rendered":"<p>Vor einigen Jahren habe ich bei der Schwerter Orchideenzucht dieses Bulbophyllum mitgenommen, um anl\u00e4sslich einer Umpflanzaktion beim Gartenbauverein etwas Werbung f\u00fcr andere Orchideen, die keine Phalaenopsis sind, zu machen. Irgendwie ist die Pflanze dann bei mir geblieben, weil sich niemand fand, der sie haben wollte. Jetzt bl\u00fcht sie wieder. Sie stammt aus dem \u00f6stlichen Himalaya &hellip; <\/p>\n<p class=\"link-more\"><a href=\"https:\/\/orchideen-journal.de\/?p=964\" class=\"more-link\"><span class=\"screen-reader-text\">\u201eBulbophyllum careyanum\u201c<\/span> weiterlesen<\/a><\/p>\n","protected":false},"author":3,"featured_media":0,"comment_status":"open","ping_status":"open","sticky":false,"template":"","format":"standard","meta":{"footnotes":""},"categories":[1],"tags":[],"_links":{"self":[{"href":"https:\/\/orchideen-journal.de\/index.php?rest_route=\/wp\/v2\/posts\/964"}],"collection":[{"href":"https:\/\/orchideen-journal.de\/index.php?rest_route=\/wp\/v2\/posts"}],"about":[{"href":"https:\/\/orchideen-journal.de\/index.php?rest_route=\/wp\/v2\/types\/post"}],"author":[{"embeddable":true,"href":"https:\/\/orchideen-journal.de\/index.php?rest_route=\/wp\/v2\/users\/3"}],"replies":[{"embeddable":true,"href":"https:\/\/orchideen-journal.de\/index.php?rest_route=%2Fwp%2Fv2%2Fcomments&post=964"}],"version-history":[{"count":1,"href":"https:\/\/orchideen-journal.de\/index.php?rest_route=\/wp\/v2\/posts\/964\/revisions"}],"predecessor-version":[{"id":966,"href":"https:\/\/orchideen-journal.de\/index.php?rest_route=\/wp\/v2\/posts\/964\/revisions\/966"}],"wp:attachment":[{"href":"https:\/\/orchideen-journal.de\/index.php?rest_route=%2Fwp%2Fv2%2Fmedia&parent=964"}],"wp:term":[{"taxonomy":"category","embeddable":true,"href":"https:\/\/orchideen-journal.de\/index.php?rest_route=%2Fwp%2Fv2%2Fcategories&post=964"},{"taxonomy":"post_tag","embeddable":true,"href":"https:\/\/orchideen-journal.de\/index.php?rest_route=%2Fwp%2Fv2%2Ftags&post=964"}],"curies":[{"name":"wp","href":"https:\/\/api.w.org\/{rel}","templated":true}]}}