{"id":929,"date":"2017-08-29T08:32:42","date_gmt":"2017-08-29T08:32:42","guid":{"rendered":"http:\/\/blog.orchideen-journal.de\/?p=929"},"modified":"2017-08-29T08:32:42","modified_gmt":"2017-08-29T08:32:42","slug":"dendrobium-philippinense-eine-raritaet","status":"publish","type":"post","link":"https:\/\/orchideen-journal.de\/?p=929","title":{"rendered":"Dendrobium philippinense eine Rarit\u00e4t?"},"content":{"rendered":"<p>Beim Besuch der Orchideeng\u00e4rtnerei Karge entdeckte ich eine interessante Orchidee, welche terete Bl\u00e4tter \u00fcber einer schwach entwickelten Verdickung der Bulbe am Grund zeigte. Der Wuchsform nach \u00a0ein Dendrobium. Die Pflanze habe ich hell kultiviert, die nadelartig verzweigten Bl\u00e4tter wurden rot. Am Ende der sich verwiegenden Triebe sind jetzt kleine Bl\u00fcten erschienen.<\/p>\n<figure id=\"attachment_930\" aria-describedby=\"caption-attachment-930\" style=\"width: 1000px\" class=\"wp-caption aligncenter\"><a href=\"http:\/\/blog.orchideen-journal.de\/wp-content\/uploads\/2017\/08\/IMG_7971.jpg\"><img loading=\"lazy\" decoding=\"async\" class=\"size-full wp-image-930\" src=\"http:\/\/blog.orchideen-journal.de\/wp-content\/uploads\/2017\/08\/IMG_7971.jpg\" alt=\"\" width=\"1000\" height=\"667\" srcset=\"https:\/\/orchideen-journal.de\/wp-content\/uploads\/2017\/08\/IMG_7971.jpg 1000w, https:\/\/orchideen-journal.de\/wp-content\/uploads\/2017\/08\/IMG_7971-300x200.jpg 300w, https:\/\/orchideen-journal.de\/wp-content\/uploads\/2017\/08\/IMG_7971-768x512.jpg 768w\" sizes=\"(max-width: 767px) 89vw, (max-width: 1000px) 54vw, (max-width: 1071px) 543px, 580px\" \/><\/a><figcaption id=\"caption-attachment-930\" class=\"wp-caption-text\">Dendrobium philippinense<\/figcaption><\/figure>\n<p>Die Pflanze wurde von Ames 1914 beschrieben, sie kommt wohl in tieferen Lagen vor und wird also warm kultiviert. Die Bl\u00fcte ist ein 1 cm gro\u00df und duftet am Morgen. Schon wegen der nadelf\u00f6rmigen Bl\u00e4tter eine Bereicherung der Sammlung.<\/p>\n","protected":false},"excerpt":{"rendered":"<p>Beim Besuch der Orchideeng\u00e4rtnerei Karge entdeckte ich eine interessante Orchidee, welche terete Bl\u00e4tter \u00fcber einer schwach entwickelten Verdickung der Bulbe am Grund zeigte. Der Wuchsform nach \u00a0ein Dendrobium. Die Pflanze habe ich hell kultiviert, die nadelartig verzweigten Bl\u00e4tter wurden rot. Am Ende der sich verwiegenden Triebe sind jetzt kleine Bl\u00fcten erschienen. Die Pflanze wurde von &hellip; <\/p>\n<p class=\"link-more\"><a href=\"https:\/\/orchideen-journal.de\/?p=929\" class=\"more-link\"><span class=\"screen-reader-text\">\u201eDendrobium philippinense eine Rarit\u00e4t?\u201c<\/span> weiterlesen<\/a><\/p>\n","protected":false},"author":3,"featured_media":0,"comment_status":"open","ping_status":"open","sticky":false,"template":"","format":"standard","meta":{"footnotes":""},"categories":[1],"tags":[],"_links":{"self":[{"href":"https:\/\/orchideen-journal.de\/index.php?rest_route=\/wp\/v2\/posts\/929"}],"collection":[{"href":"https:\/\/orchideen-journal.de\/index.php?rest_route=\/wp\/v2\/posts"}],"about":[{"href":"https:\/\/orchideen-journal.de\/index.php?rest_route=\/wp\/v2\/types\/post"}],"author":[{"embeddable":true,"href":"https:\/\/orchideen-journal.de\/index.php?rest_route=\/wp\/v2\/users\/3"}],"replies":[{"embeddable":true,"href":"https:\/\/orchideen-journal.de\/index.php?rest_route=%2Fwp%2Fv2%2Fcomments&post=929"}],"version-history":[{"count":1,"href":"https:\/\/orchideen-journal.de\/index.php?rest_route=\/wp\/v2\/posts\/929\/revisions"}],"predecessor-version":[{"id":931,"href":"https:\/\/orchideen-journal.de\/index.php?rest_route=\/wp\/v2\/posts\/929\/revisions\/931"}],"wp:attachment":[{"href":"https:\/\/orchideen-journal.de\/index.php?rest_route=%2Fwp%2Fv2%2Fmedia&parent=929"}],"wp:term":[{"taxonomy":"category","embeddable":true,"href":"https:\/\/orchideen-journal.de\/index.php?rest_route=%2Fwp%2Fv2%2Fcategories&post=929"},{"taxonomy":"post_tag","embeddable":true,"href":"https:\/\/orchideen-journal.de\/index.php?rest_route=%2Fwp%2Fv2%2Ftags&post=929"}],"curies":[{"name":"wp","href":"https:\/\/api.w.org\/{rel}","templated":true}]}}