{"id":892,"date":"2017-07-14T17:14:12","date_gmt":"2017-07-14T17:14:12","guid":{"rendered":"http:\/\/blog.orchideen-journal.de\/?p=892"},"modified":"2017-07-14T17:14:12","modified_gmt":"2017-07-14T17:14:12","slug":"odontoglossum-hallii-blueht-im-sommer","status":"publish","type":"post","link":"https:\/\/orchideen-journal.de\/?p=892","title":{"rendered":"Odontoglossum hallii bl\u00fcht im Sommer"},"content":{"rendered":"<p>Von meinem Orchideenfreund und \u00a0<em>Odontoglossum<\/em> Sammler erhielt ich vor vielen Jahren dieses stattliche <em>Odontoglossum<\/em>, welches heute ja auch den Gattungsnamen <em>Oncidium<\/em> tr\u00e4gt.<\/p>\n<p>Die Pflanze wurde 1837 von Lindley beschrieben. Die Pflanze hat bei mir eigentlich immer eher im Herbst\/Winter gebl\u00fcht. Schon komisch, dass sie dieses Jahr mitten im Sommer bl\u00fcht.<\/p>\n<figure id=\"attachment_893\" aria-describedby=\"caption-attachment-893\" style=\"width: 1000px\" class=\"wp-caption aligncenter\"><a href=\"http:\/\/blog.orchideen-journal.de\/wp-content\/uploads\/2017\/07\/IMG_8127.jpg\"><img loading=\"lazy\" decoding=\"async\" class=\"size-full wp-image-893\" src=\"http:\/\/blog.orchideen-journal.de\/wp-content\/uploads\/2017\/07\/IMG_8127.jpg\" alt=\"Odontoglossum hallii\" width=\"1000\" height=\"667\" srcset=\"https:\/\/orchideen-journal.de\/wp-content\/uploads\/2017\/07\/IMG_8127.jpg 1000w, https:\/\/orchideen-journal.de\/wp-content\/uploads\/2017\/07\/IMG_8127-300x200.jpg 300w, https:\/\/orchideen-journal.de\/wp-content\/uploads\/2017\/07\/IMG_8127-768x512.jpg 768w\" sizes=\"(max-width: 767px) 89vw, (max-width: 1000px) 54vw, (max-width: 1071px) 543px, 580px\" \/><\/a><figcaption id=\"caption-attachment-893\" class=\"wp-caption-text\">Odontoglossum hallii<\/figcaption><\/figure>\n<p>Die Pflanze stammt Kolumbien, Ecuador und Peru aus immer feuchten Nebelw\u00e4ldern in H\u00f6henlagen zwischen 1500-3000m \u00fcber NN. Angeblich ist der Bl\u00fctenstand bis 60 cm lang mit bis zu 20 Bl\u00fcten. Bei mir hat er f\u00fcnf Bl\u00fcten und ist k\u00fcrzer, kann aber an den hei\u00dfen Tagen im Mai\/Juni gelegen haben.<\/p>\n<p>Kultur im Topf mit grobem Substrat sehr hell, Bulben haben dann eine \u00a0r\u00f6tliche F\u00e4rbung. In der Wachstumszeit der Triebe reichlich Wasser und auch D\u00fcnger geben. D\u00fcngeintervall w\u00f6chentlich. Bl\u00fctenst\u00e4nde erscheinen aus den die Bulbe umgebenden Bulbenh\u00fcllbl\u00e4ttern.<\/p>\n","protected":false},"excerpt":{"rendered":"<p>Von meinem Orchideenfreund und \u00a0Odontoglossum Sammler erhielt ich vor vielen Jahren dieses stattliche Odontoglossum, welches heute ja auch den Gattungsnamen Oncidium tr\u00e4gt. Die Pflanze wurde 1837 von Lindley beschrieben. Die Pflanze hat bei mir eigentlich immer eher im Herbst\/Winter gebl\u00fcht. Schon komisch, dass sie dieses Jahr mitten im Sommer bl\u00fcht. Die Pflanze stammt Kolumbien, Ecuador &hellip; <\/p>\n<p class=\"link-more\"><a href=\"https:\/\/orchideen-journal.de\/?p=892\" class=\"more-link\"><span class=\"screen-reader-text\">\u201eOdontoglossum hallii bl\u00fcht im Sommer\u201c<\/span> weiterlesen<\/a><\/p>\n","protected":false},"author":3,"featured_media":0,"comment_status":"open","ping_status":"open","sticky":false,"template":"","format":"standard","meta":{"footnotes":""},"categories":[1],"tags":[],"_links":{"self":[{"href":"https:\/\/orchideen-journal.de\/index.php?rest_route=\/wp\/v2\/posts\/892"}],"collection":[{"href":"https:\/\/orchideen-journal.de\/index.php?rest_route=\/wp\/v2\/posts"}],"about":[{"href":"https:\/\/orchideen-journal.de\/index.php?rest_route=\/wp\/v2\/types\/post"}],"author":[{"embeddable":true,"href":"https:\/\/orchideen-journal.de\/index.php?rest_route=\/wp\/v2\/users\/3"}],"replies":[{"embeddable":true,"href":"https:\/\/orchideen-journal.de\/index.php?rest_route=%2Fwp%2Fv2%2Fcomments&post=892"}],"version-history":[{"count":1,"href":"https:\/\/orchideen-journal.de\/index.php?rest_route=\/wp\/v2\/posts\/892\/revisions"}],"predecessor-version":[{"id":894,"href":"https:\/\/orchideen-journal.de\/index.php?rest_route=\/wp\/v2\/posts\/892\/revisions\/894"}],"wp:attachment":[{"href":"https:\/\/orchideen-journal.de\/index.php?rest_route=%2Fwp%2Fv2%2Fmedia&parent=892"}],"wp:term":[{"taxonomy":"category","embeddable":true,"href":"https:\/\/orchideen-journal.de\/index.php?rest_route=%2Fwp%2Fv2%2Fcategories&post=892"},{"taxonomy":"post_tag","embeddable":true,"href":"https:\/\/orchideen-journal.de\/index.php?rest_route=%2Fwp%2Fv2%2Ftags&post=892"}],"curies":[{"name":"wp","href":"https:\/\/api.w.org\/{rel}","templated":true}]}}