{"id":868,"date":"2017-05-28T08:57:10","date_gmt":"2017-05-28T08:57:10","guid":{"rendered":"http:\/\/blog.orchideen-journal.de\/?p=868"},"modified":"2017-05-28T08:58:21","modified_gmt":"2017-05-28T08:58:21","slug":"dendrobium-faciferum","status":"publish","type":"post","link":"https:\/\/orchideen-journal.de\/?p=868","title":{"rendered":"Dendrobium faciferum"},"content":{"rendered":"<p>Von Zeit zu Zeit gibt es auch f\u00fcr mich und auch bei <em>Dendrobium<\/em> noch Pflanzen, die mich besonders faszinieren. Leider sind das manchmal Pflanzen mit schwierigen Kulturanforderungen. F\u00fcr andere Orchideenkenner sind gerade diese Kandidaten eher leicht zu kultivieren.<\/p>\n<p>Unter meinen Bedingungen ist jedenfalls <em>Dendrobium faciferum<\/em> eine Orchidee, die mir in der Kultur bisher kein Gl\u00fcck gebracht hat. Ich habe sie zum Bl\u00fchen gebracht, aber den darauf folgenden k\u00fchlen Winter haben die Pflanzen nicht \u00fcberlebt. Das liegt an meinen 15\u00b0C Nachttemperatur.<\/p>\n<p><em>Dendrobium faciferum<\/em> stammt von den Sundainseln, den Molukken und Sulawesi, kommt in H\u00f6henlagen bis 350 m in alten Mangrovenbest\u00e4nden und Litoralw\u00e4ldern vor, scheint also volle Sonne zu bevorzugen und fast \u00fcberfl\u00fcssig zu sagen, hat es gerne warm.<\/p>\n<figure id=\"attachment_869\" aria-describedby=\"caption-attachment-869\" style=\"width: 1000px\" class=\"wp-caption aligncenter\"><a href=\"http:\/\/blog.orchideen-journal.de\/wp-content\/uploads\/2017\/05\/IMG_6858.jpg\"><img loading=\"lazy\" decoding=\"async\" class=\"size-full wp-image-869\" src=\"http:\/\/blog.orchideen-journal.de\/wp-content\/uploads\/2017\/05\/IMG_6858.jpg\" alt=\"Dendrobium faciferum \" width=\"1000\" height=\"667\" srcset=\"https:\/\/orchideen-journal.de\/wp-content\/uploads\/2017\/05\/IMG_6858.jpg 1000w, https:\/\/orchideen-journal.de\/wp-content\/uploads\/2017\/05\/IMG_6858-300x200.jpg 300w, https:\/\/orchideen-journal.de\/wp-content\/uploads\/2017\/05\/IMG_6858-768x512.jpg 768w\" sizes=\"(max-width: 767px) 89vw, (max-width: 1000px) 54vw, (max-width: 1071px) 543px, 580px\" \/><\/a><figcaption id=\"caption-attachment-869\" class=\"wp-caption-text\">Dendrobium faciferum<\/figcaption><\/figure>\n<p>Die Bulben der Pflanze werden \u00fcber einen Meter lang, tragen lanzettlige Bl\u00e4tter und haben unten am Trieb eine Verdickung. Sie bl\u00fchen an alten blattlosen Trieben, aber auch an ausgereiften\u00a0gebl\u00e4tterten\u00a0Bulben. Die Bl\u00fcten sind klein aber durch ihre F\u00e4rbung sehr auffallend.<\/p>\n<p>Die Firma Schwerter Orchideenzucht verkauft im Moment Pflanzen davon.<\/p>\n","protected":false},"excerpt":{"rendered":"<p>Von Zeit zu Zeit gibt es auch f\u00fcr mich und auch bei Dendrobium noch Pflanzen, die mich besonders faszinieren. Leider sind das manchmal Pflanzen mit schwierigen Kulturanforderungen. F\u00fcr andere Orchideenkenner sind gerade diese Kandidaten eher leicht zu kultivieren. Unter meinen Bedingungen ist jedenfalls Dendrobium faciferum eine Orchidee, die mir in der Kultur bisher kein Gl\u00fcck &hellip; <\/p>\n<p class=\"link-more\"><a href=\"https:\/\/orchideen-journal.de\/?p=868\" class=\"more-link\"><span class=\"screen-reader-text\">\u201eDendrobium faciferum\u201c<\/span> weiterlesen<\/a><\/p>\n","protected":false},"author":3,"featured_media":0,"comment_status":"open","ping_status":"open","sticky":false,"template":"","format":"standard","meta":{"footnotes":""},"categories":[1],"tags":[],"_links":{"self":[{"href":"https:\/\/orchideen-journal.de\/index.php?rest_route=\/wp\/v2\/posts\/868"}],"collection":[{"href":"https:\/\/orchideen-journal.de\/index.php?rest_route=\/wp\/v2\/posts"}],"about":[{"href":"https:\/\/orchideen-journal.de\/index.php?rest_route=\/wp\/v2\/types\/post"}],"author":[{"embeddable":true,"href":"https:\/\/orchideen-journal.de\/index.php?rest_route=\/wp\/v2\/users\/3"}],"replies":[{"embeddable":true,"href":"https:\/\/orchideen-journal.de\/index.php?rest_route=%2Fwp%2Fv2%2Fcomments&post=868"}],"version-history":[{"count":1,"href":"https:\/\/orchideen-journal.de\/index.php?rest_route=\/wp\/v2\/posts\/868\/revisions"}],"predecessor-version":[{"id":870,"href":"https:\/\/orchideen-journal.de\/index.php?rest_route=\/wp\/v2\/posts\/868\/revisions\/870"}],"wp:attachment":[{"href":"https:\/\/orchideen-journal.de\/index.php?rest_route=%2Fwp%2Fv2%2Fmedia&parent=868"}],"wp:term":[{"taxonomy":"category","embeddable":true,"href":"https:\/\/orchideen-journal.de\/index.php?rest_route=%2Fwp%2Fv2%2Fcategories&post=868"},{"taxonomy":"post_tag","embeddable":true,"href":"https:\/\/orchideen-journal.de\/index.php?rest_route=%2Fwp%2Fv2%2Ftags&post=868"}],"curies":[{"name":"wp","href":"https:\/\/api.w.org\/{rel}","templated":true}]}}