{"id":809,"date":"2017-04-02T16:51:21","date_gmt":"2017-04-02T16:51:21","guid":{"rendered":"http:\/\/blog.orchideen-journal.de\/?p=809"},"modified":"2017-04-02T16:51:21","modified_gmt":"2017-04-02T16:51:21","slug":"eine-ungewoehnlich-gefaerbte-vanda-hybride","status":"publish","type":"post","link":"https:\/\/orchideen-journal.de\/?p=809","title":{"rendered":"Eine ungew\u00f6hnlich gef\u00e4rbte Vanda Hybride"},"content":{"rendered":"<p>Normalerweise kennt man bei den thail\u00e4ndischen Vandahybriden die F\u00e4rbungen rot, pink, gelb, orange und Schattierungen davon.<\/p>\n<p>Bei mir hat jetzt <em>Vanda lamellata<\/em> x Gordon Dillon gebl\u00fcht. Sie stammt von der Schwerter Orchideenzucht und hat \u00fcber 8 Wochen ihre Bl\u00fcten zur Schau gestellt.<\/p>\n<p>Sie ist, wie bei diesen Orchideen \u00fcblich, in einem K\u00f6rbchen ohne jegliches Substrat befestigt. Ich habe sie bis jetzt noch im Zimmer. Sie wird gelegentlich im Wurzelbereich angespr\u00fcht. Manchmal auch mit D\u00fcnger.<\/p>\n<p>Sie scheint sehr pflegeleicht zu sein.<\/p>\n<figure id=\"attachment_810\" aria-describedby=\"caption-attachment-810\" style=\"width: 1000px\" class=\"wp-caption aligncenter\"><a href=\"http:\/\/blog.orchideen-journal.de\/wp-content\/uploads\/2017\/04\/IMG_6390.jpg\"><img loading=\"lazy\" decoding=\"async\" class=\"size-full wp-image-810\" src=\"http:\/\/blog.orchideen-journal.de\/wp-content\/uploads\/2017\/04\/IMG_6390.jpg\" alt=\"Vanda lamellata x Gordon Dillon \" width=\"1000\" height=\"667\" srcset=\"https:\/\/orchideen-journal.de\/wp-content\/uploads\/2017\/04\/IMG_6390.jpg 1000w, https:\/\/orchideen-journal.de\/wp-content\/uploads\/2017\/04\/IMG_6390-300x200.jpg 300w, https:\/\/orchideen-journal.de\/wp-content\/uploads\/2017\/04\/IMG_6390-768x512.jpg 768w\" sizes=\"(max-width: 767px) 89vw, (max-width: 1000px) 54vw, (max-width: 1071px) 543px, 580px\" \/><\/a><figcaption id=\"caption-attachment-810\" class=\"wp-caption-text\">Vanda lamellata x Gordon Dillon<\/figcaption><\/figure>\n","protected":false},"excerpt":{"rendered":"<p>Normalerweise kennt man bei den thail\u00e4ndischen Vandahybriden die F\u00e4rbungen rot, pink, gelb, orange und Schattierungen davon. Bei mir hat jetzt Vanda lamellata x Gordon Dillon gebl\u00fcht. Sie stammt von der Schwerter Orchideenzucht und hat \u00fcber 8 Wochen ihre Bl\u00fcten zur Schau gestellt. Sie ist, wie bei diesen Orchideen \u00fcblich, in einem K\u00f6rbchen ohne jegliches Substrat &hellip; <\/p>\n<p class=\"link-more\"><a href=\"https:\/\/orchideen-journal.de\/?p=809\" class=\"more-link\"><span class=\"screen-reader-text\">\u201eEine ungew\u00f6hnlich gef\u00e4rbte Vanda Hybride\u201c<\/span> weiterlesen<\/a><\/p>\n","protected":false},"author":3,"featured_media":0,"comment_status":"open","ping_status":"open","sticky":false,"template":"","format":"standard","meta":{"footnotes":""},"categories":[1],"tags":[],"_links":{"self":[{"href":"https:\/\/orchideen-journal.de\/index.php?rest_route=\/wp\/v2\/posts\/809"}],"collection":[{"href":"https:\/\/orchideen-journal.de\/index.php?rest_route=\/wp\/v2\/posts"}],"about":[{"href":"https:\/\/orchideen-journal.de\/index.php?rest_route=\/wp\/v2\/types\/post"}],"author":[{"embeddable":true,"href":"https:\/\/orchideen-journal.de\/index.php?rest_route=\/wp\/v2\/users\/3"}],"replies":[{"embeddable":true,"href":"https:\/\/orchideen-journal.de\/index.php?rest_route=%2Fwp%2Fv2%2Fcomments&post=809"}],"version-history":[{"count":1,"href":"https:\/\/orchideen-journal.de\/index.php?rest_route=\/wp\/v2\/posts\/809\/revisions"}],"predecessor-version":[{"id":811,"href":"https:\/\/orchideen-journal.de\/index.php?rest_route=\/wp\/v2\/posts\/809\/revisions\/811"}],"wp:attachment":[{"href":"https:\/\/orchideen-journal.de\/index.php?rest_route=%2Fwp%2Fv2%2Fmedia&parent=809"}],"wp:term":[{"taxonomy":"category","embeddable":true,"href":"https:\/\/orchideen-journal.de\/index.php?rest_route=%2Fwp%2Fv2%2Fcategories&post=809"},{"taxonomy":"post_tag","embeddable":true,"href":"https:\/\/orchideen-journal.de\/index.php?rest_route=%2Fwp%2Fv2%2Ftags&post=809"}],"curies":[{"name":"wp","href":"https:\/\/api.w.org\/{rel}","templated":true}]}}