{"id":802,"date":"2017-03-19T15:42:25","date_gmt":"2017-03-19T15:42:25","guid":{"rendered":"http:\/\/blog.orchideen-journal.de\/?p=802"},"modified":"2017-03-19T15:42:25","modified_gmt":"2017-03-19T15:42:25","slug":"dendrobium-nudum-ein-fruehlingsbote","status":"publish","type":"post","link":"https:\/\/orchideen-journal.de\/?p=802","title":{"rendered":"Dendrobium nudum ein Fr\u00fchlingsbote"},"content":{"rendered":"<p>Vor vielen Jahren erhielt ich dieses ungef\u00e4hr 80 cm hoch werdende, viel triebige \u00a0<em>Dendrobium<\/em> von einem Orchideenfreund zum Geschenk. Es bl\u00fcht immer zu Beginn des Fr\u00fchling mit Bl\u00fctenst\u00e4nden von zwei bis vier Bl\u00fcten, die an den blattlosen Trieben entstehen. Leider halten die Bl\u00fcten maximal 10 Tage.<\/p>\n<figure id=\"attachment_803\" aria-describedby=\"caption-attachment-803\" style=\"width: 660px\" class=\"wp-caption aligncenter\"><a href=\"http:\/\/blog.orchideen-journal.de\/wp-content\/uploads\/2017\/03\/DSCN8410.jpg\"><img loading=\"lazy\" decoding=\"async\" class=\"size-large wp-image-803\" src=\"http:\/\/blog.orchideen-journal.de\/wp-content\/uploads\/2017\/03\/DSCN8410-768x1024.jpg\" alt=\"Dendrobium nudum \" width=\"660\" height=\"880\" srcset=\"https:\/\/orchideen-journal.de\/wp-content\/uploads\/2017\/03\/DSCN8410-768x1024.jpg 768w, https:\/\/orchideen-journal.de\/wp-content\/uploads\/2017\/03\/DSCN8410-225x300.jpg 225w, https:\/\/orchideen-journal.de\/wp-content\/uploads\/2017\/03\/DSCN8410.jpg 1000w\" sizes=\"(max-width: 660px) 100vw, 660px\" \/><\/a><figcaption id=\"caption-attachment-803\" class=\"wp-caption-text\">Dendrobium nudum<\/figcaption><\/figure>\n<p>Die Pflanze stammt aus Java und Sumatra, dort in H\u00f6hen von 1200 bis 2000m, wurde von Lindley 1830 beschrieben.<\/p>\n<p>Kultur kleiner bis mittelgro\u00dfer Topf, regelm\u00e4\u00dfig w\u00e4ssern und d\u00fcngen, \u00a0wenn die Pflanze w\u00e4chst.<\/p>\n<p>Nudum bedeutet nackt, warum dieser Name entzieht sich meiner Kenntnis.<\/p>\n","protected":false},"excerpt":{"rendered":"<p>Vor vielen Jahren erhielt ich dieses ungef\u00e4hr 80 cm hoch werdende, viel triebige \u00a0Dendrobium von einem Orchideenfreund zum Geschenk. Es bl\u00fcht immer zu Beginn des Fr\u00fchling mit Bl\u00fctenst\u00e4nden von zwei bis vier Bl\u00fcten, die an den blattlosen Trieben entstehen. Leider halten die Bl\u00fcten maximal 10 Tage. Die Pflanze stammt aus Java und Sumatra, dort in &hellip; <\/p>\n<p class=\"link-more\"><a href=\"https:\/\/orchideen-journal.de\/?p=802\" class=\"more-link\"><span class=\"screen-reader-text\">\u201eDendrobium nudum ein Fr\u00fchlingsbote\u201c<\/span> weiterlesen<\/a><\/p>\n","protected":false},"author":3,"featured_media":0,"comment_status":"open","ping_status":"open","sticky":false,"template":"","format":"standard","meta":{"footnotes":""},"categories":[3],"tags":[],"_links":{"self":[{"href":"https:\/\/orchideen-journal.de\/index.php?rest_route=\/wp\/v2\/posts\/802"}],"collection":[{"href":"https:\/\/orchideen-journal.de\/index.php?rest_route=\/wp\/v2\/posts"}],"about":[{"href":"https:\/\/orchideen-journal.de\/index.php?rest_route=\/wp\/v2\/types\/post"}],"author":[{"embeddable":true,"href":"https:\/\/orchideen-journal.de\/index.php?rest_route=\/wp\/v2\/users\/3"}],"replies":[{"embeddable":true,"href":"https:\/\/orchideen-journal.de\/index.php?rest_route=%2Fwp%2Fv2%2Fcomments&post=802"}],"version-history":[{"count":1,"href":"https:\/\/orchideen-journal.de\/index.php?rest_route=\/wp\/v2\/posts\/802\/revisions"}],"predecessor-version":[{"id":804,"href":"https:\/\/orchideen-journal.de\/index.php?rest_route=\/wp\/v2\/posts\/802\/revisions\/804"}],"wp:attachment":[{"href":"https:\/\/orchideen-journal.de\/index.php?rest_route=%2Fwp%2Fv2%2Fmedia&parent=802"}],"wp:term":[{"taxonomy":"category","embeddable":true,"href":"https:\/\/orchideen-journal.de\/index.php?rest_route=%2Fwp%2Fv2%2Fcategories&post=802"},{"taxonomy":"post_tag","embeddable":true,"href":"https:\/\/orchideen-journal.de\/index.php?rest_route=%2Fwp%2Fv2%2Ftags&post=802"}],"curies":[{"name":"wp","href":"https:\/\/api.w.org\/{rel}","templated":true}]}}