{"id":781,"date":"2017-03-09T13:41:53","date_gmt":"2017-03-09T13:41:53","guid":{"rendered":"http:\/\/blog.orchideen-journal.de\/?p=781"},"modified":"2017-03-09T13:41:53","modified_gmt":"2017-03-09T13:41:53","slug":"maxillaria-eliator","status":"publish","type":"post","link":"https:\/\/orchideen-journal.de\/?p=781","title":{"rendered":"Maxillaria eliator"},"content":{"rendered":"<p>Seit vielen Jahren steht in meinem Gew\u00e4chshaus eine Orchideen, die bis 1,5 m H\u00f6he oder gr\u00f6\u00dfer wird, einfach weil die Neutriebe auf den \u00e4lteren Trieben entstehen. Die Orchidee hat flache Bulben und ca. 25 cm lange Bl\u00e4tter, die sowohl die Bulbe umschliessen, \u00a0als\u00a0 auch oben auf der Bulbe sitzen. Zwischen den Bl\u00e4ttern entspringt die orangefarbene Bl\u00fcte. Sie soll vom Herbst bis ins Fr\u00fchjahr Bl\u00fcten bilden, welche sogar duften. Duften tun sie, aber sie bl\u00fcht bei mir nur kurz vor dem Fr\u00fchling.<\/p>\n<figure id=\"attachment_782\" aria-describedby=\"caption-attachment-782\" style=\"width: 660px\" class=\"wp-caption aligncenter\"><a href=\"http:\/\/blog.orchideen-journal.de\/wp-content\/uploads\/2017\/03\/IMG_1324.jpg\"><img loading=\"lazy\" decoding=\"async\" class=\"size-large wp-image-782\" src=\"http:\/\/blog.orchideen-journal.de\/wp-content\/uploads\/2017\/03\/IMG_1324-865x1024.jpg\" alt=\"Maxillaria eliator \" width=\"660\" height=\"781\" srcset=\"https:\/\/orchideen-journal.de\/wp-content\/uploads\/2017\/03\/IMG_1324-865x1024.jpg 865w, https:\/\/orchideen-journal.de\/wp-content\/uploads\/2017\/03\/IMG_1324-253x300.jpg 253w, https:\/\/orchideen-journal.de\/wp-content\/uploads\/2017\/03\/IMG_1324-768x909.jpg 768w, https:\/\/orchideen-journal.de\/wp-content\/uploads\/2017\/03\/IMG_1324.jpg 1000w\" sizes=\"(max-width: 660px) 100vw, 660px\" \/><\/a><figcaption id=\"caption-attachment-782\" class=\"wp-caption-text\">Maxillaria eliator<\/figcaption><\/figure>\n<p>Die Pflanze stammt aus S\u00fcdamerika, Costa Rica bis Mexiko, kommt in H\u00f6henlagen von 400 bis 1500m H\u00f6he vor und vertr\u00e4gt angeblich kalte bis warme Bedingungen. Jedenfalls bei mir w\u00e4chst sie ohne gro\u00dfe Pflege.<\/p>\n<p>Sie wurde 1863 von Reichenbach f. beschrieben.<\/p>\n","protected":false},"excerpt":{"rendered":"<p>Seit vielen Jahren steht in meinem Gew\u00e4chshaus eine Orchideen, die bis 1,5 m H\u00f6he oder gr\u00f6\u00dfer wird, einfach weil die Neutriebe auf den \u00e4lteren Trieben entstehen. Die Orchidee hat flache Bulben und ca. 25 cm lange Bl\u00e4tter, die sowohl die Bulbe umschliessen, \u00a0als\u00a0 auch oben auf der Bulbe sitzen. Zwischen den Bl\u00e4ttern entspringt die orangefarbene &hellip; <\/p>\n<p class=\"link-more\"><a href=\"https:\/\/orchideen-journal.de\/?p=781\" class=\"more-link\"><span class=\"screen-reader-text\">\u201eMaxillaria eliator\u201c<\/span> weiterlesen<\/a><\/p>\n","protected":false},"author":3,"featured_media":0,"comment_status":"open","ping_status":"open","sticky":false,"template":"","format":"standard","meta":{"footnotes":""},"categories":[1],"tags":[],"_links":{"self":[{"href":"https:\/\/orchideen-journal.de\/index.php?rest_route=\/wp\/v2\/posts\/781"}],"collection":[{"href":"https:\/\/orchideen-journal.de\/index.php?rest_route=\/wp\/v2\/posts"}],"about":[{"href":"https:\/\/orchideen-journal.de\/index.php?rest_route=\/wp\/v2\/types\/post"}],"author":[{"embeddable":true,"href":"https:\/\/orchideen-journal.de\/index.php?rest_route=\/wp\/v2\/users\/3"}],"replies":[{"embeddable":true,"href":"https:\/\/orchideen-journal.de\/index.php?rest_route=%2Fwp%2Fv2%2Fcomments&post=781"}],"version-history":[{"count":1,"href":"https:\/\/orchideen-journal.de\/index.php?rest_route=\/wp\/v2\/posts\/781\/revisions"}],"predecessor-version":[{"id":783,"href":"https:\/\/orchideen-journal.de\/index.php?rest_route=\/wp\/v2\/posts\/781\/revisions\/783"}],"wp:attachment":[{"href":"https:\/\/orchideen-journal.de\/index.php?rest_route=%2Fwp%2Fv2%2Fmedia&parent=781"}],"wp:term":[{"taxonomy":"category","embeddable":true,"href":"https:\/\/orchideen-journal.de\/index.php?rest_route=%2Fwp%2Fv2%2Fcategories&post=781"},{"taxonomy":"post_tag","embeddable":true,"href":"https:\/\/orchideen-journal.de\/index.php?rest_route=%2Fwp%2Fv2%2Ftags&post=781"}],"curies":[{"name":"wp","href":"https:\/\/api.w.org\/{rel}","templated":true}]}}