{"id":773,"date":"2017-02-25T12:44:36","date_gmt":"2017-02-25T12:44:36","guid":{"rendered":"http:\/\/blog.orchideen-journal.de\/?p=773"},"modified":"2017-02-25T12:44:36","modified_gmt":"2017-02-25T12:44:36","slug":"dendrobium-wattii-jetzt-auch-als-nachzucht","status":"publish","type":"post","link":"https:\/\/orchideen-journal.de\/?p=773","title":{"rendered":"Dendrobium wattii jetzt auch als Nachzucht"},"content":{"rendered":"<p>Ich kann mich noch gut erinnern als Mitte der 1990er Jahre <em>Dendrobium watii<\/em> aus Vietnam in den Handel kam. Damals waren das gesammelte Importe, die im Zuge der \u00d6ffnung Vietnams zusammen mit Aufsehen erregenden Frauenschuhen wie <em>Paphiopedilum hangianum<\/em> oder <em>vietnamese<\/em>.<\/p>\n<figure id=\"attachment_774\" aria-describedby=\"caption-attachment-774\" style=\"width: 1000px\" class=\"wp-caption aligncenter\"><a href=\"http:\/\/blog.orchideen-journal.de\/wp-content\/uploads\/2017\/02\/IMG_6399.jpg\"><img loading=\"lazy\" decoding=\"async\" class=\"size-full wp-image-774\" src=\"http:\/\/blog.orchideen-journal.de\/wp-content\/uploads\/2017\/02\/IMG_6399.jpg\" alt=\"Dendrobium wattii \" width=\"1000\" height=\"667\" srcset=\"https:\/\/orchideen-journal.de\/wp-content\/uploads\/2017\/02\/IMG_6399.jpg 1000w, https:\/\/orchideen-journal.de\/wp-content\/uploads\/2017\/02\/IMG_6399-300x200.jpg 300w, https:\/\/orchideen-journal.de\/wp-content\/uploads\/2017\/02\/IMG_6399-768x512.jpg 768w\" sizes=\"(max-width: 767px) 89vw, (max-width: 1000px) 54vw, (max-width: 1071px) 543px, 580px\" \/><\/a><figcaption id=\"caption-attachment-774\" class=\"wp-caption-text\">Dendrobium wattii<\/figcaption><\/figure>\n<p>Das <em>Dendrobium<\/em> geh\u00f6rt zu der sog. <em>Formosae<\/em> Gruppe, die auch \u00a0auch als schwarz\u00a0Haar Dendrobium Gruppe bezeichnet wird.<\/p>\n<p>Die Pflanze wurde schon 1888 von Reichenbach nach einem in Indien lebenden englischen Botaniker namens Watt benannt.<\/p>\n<p>Die Pflanze gilt als Mini oder mittelgro\u00dfes <em>Dendrobium<\/em> bis ca. 40 cm H\u00f6he k\u00f6nnen die schlanken schwarzbehaarten Triebe mit ihren lederartigen lanzettligen Bl\u00e4ttern erreichen.<\/p>\n<p>Die Pflanze kommt in H\u00f6henlagen zwischen 1500 und 2600m H\u00f6he in dichtem Regenwald auf \u00c4sten von B\u00e4umen vor. Sie bl\u00fcht im Fr\u00fchjahr und soll kalt bis k\u00fchl kultiviert werden. Ich kultiviere sie in kleinen T\u00f6pfen in Rindensubstrat.<\/p>\n<p>Jetzt gibt es z.B. bei der Schwerter Orchideenzucht Nachtzuchten dieser Art.<\/p>\n","protected":false},"excerpt":{"rendered":"<p>Ich kann mich noch gut erinnern als Mitte der 1990er Jahre Dendrobium watii aus Vietnam in den Handel kam. Damals waren das gesammelte Importe, die im Zuge der \u00d6ffnung Vietnams zusammen mit Aufsehen erregenden Frauenschuhen wie Paphiopedilum hangianum oder vietnamese. Das Dendrobium geh\u00f6rt zu der sog. Formosae Gruppe, die auch \u00a0auch als schwarz\u00a0Haar Dendrobium Gruppe &hellip; <\/p>\n<p class=\"link-more\"><a href=\"https:\/\/orchideen-journal.de\/?p=773\" class=\"more-link\"><span class=\"screen-reader-text\">\u201eDendrobium wattii jetzt auch als Nachzucht\u201c<\/span> weiterlesen<\/a><\/p>\n","protected":false},"author":3,"featured_media":0,"comment_status":"open","ping_status":"open","sticky":false,"template":"","format":"standard","meta":{"footnotes":""},"categories":[1],"tags":[],"_links":{"self":[{"href":"https:\/\/orchideen-journal.de\/index.php?rest_route=\/wp\/v2\/posts\/773"}],"collection":[{"href":"https:\/\/orchideen-journal.de\/index.php?rest_route=\/wp\/v2\/posts"}],"about":[{"href":"https:\/\/orchideen-journal.de\/index.php?rest_route=\/wp\/v2\/types\/post"}],"author":[{"embeddable":true,"href":"https:\/\/orchideen-journal.de\/index.php?rest_route=\/wp\/v2\/users\/3"}],"replies":[{"embeddable":true,"href":"https:\/\/orchideen-journal.de\/index.php?rest_route=%2Fwp%2Fv2%2Fcomments&post=773"}],"version-history":[{"count":1,"href":"https:\/\/orchideen-journal.de\/index.php?rest_route=\/wp\/v2\/posts\/773\/revisions"}],"predecessor-version":[{"id":775,"href":"https:\/\/orchideen-journal.de\/index.php?rest_route=\/wp\/v2\/posts\/773\/revisions\/775"}],"wp:attachment":[{"href":"https:\/\/orchideen-journal.de\/index.php?rest_route=%2Fwp%2Fv2%2Fmedia&parent=773"}],"wp:term":[{"taxonomy":"category","embeddable":true,"href":"https:\/\/orchideen-journal.de\/index.php?rest_route=%2Fwp%2Fv2%2Fcategories&post=773"},{"taxonomy":"post_tag","embeddable":true,"href":"https:\/\/orchideen-journal.de\/index.php?rest_route=%2Fwp%2Fv2%2Ftags&post=773"}],"curies":[{"name":"wp","href":"https:\/\/api.w.org\/{rel}","templated":true}]}}