{"id":735,"date":"2017-01-10T19:27:21","date_gmt":"2017-01-10T19:27:21","guid":{"rendered":"http:\/\/blog.orchideen-journal.de\/?p=735"},"modified":"2017-01-10T19:27:21","modified_gmt":"2017-01-10T19:27:21","slug":"11-sanya-hainan-china-internationale-orchideenschau","status":"publish","type":"post","link":"https:\/\/orchideen-journal.de\/?p=735","title":{"rendered":"11.  Sanya (Hainan) China Internationale Orchideenschau"},"content":{"rendered":"<p>Zum bereits jetzt 5. Mal hatte ich Gelegenheit an dieser Schau in S\u00fcdchina teilzunehmen. Als einziger weiterer europ\u00e4ischer Teilnehmer war Hans Christiansen aus D\u00e4nemark eingeladen.<\/p>\n<figure id=\"attachment_736\" aria-describedby=\"caption-attachment-736\" style=\"width: 1000px\" class=\"wp-caption aligncenter\"><a href=\"http:\/\/blog.orchideen-journal.de\/wp-content\/uploads\/2017\/01\/IMG_6889.jpg\"><img loading=\"lazy\" decoding=\"async\" class=\"size-full wp-image-736\" src=\"http:\/\/blog.orchideen-journal.de\/wp-content\/uploads\/2017\/01\/IMG_6889.jpg\" alt=\"Ausstellungsstand VDOF \" width=\"1000\" height=\"667\" srcset=\"https:\/\/orchideen-journal.de\/wp-content\/uploads\/2017\/01\/IMG_6889.jpg 1000w, https:\/\/orchideen-journal.de\/wp-content\/uploads\/2017\/01\/IMG_6889-300x200.jpg 300w, https:\/\/orchideen-journal.de\/wp-content\/uploads\/2017\/01\/IMG_6889-768x512.jpg 768w\" sizes=\"(max-width: 767px) 89vw, (max-width: 1000px) 54vw, (max-width: 1071px) 543px, 580px\" \/><\/a><figcaption id=\"caption-attachment-736\" class=\"wp-caption-text\">Ausstellungsstand VDOF<\/figcaption><\/figure>\n<p>Mit \u00a0gesponserten Schnittblumen der Firmen Miquel, Schwerter Orchideenzucht und Lucke (Orchideen Fresonke) reiste ich nach China. Dort ist es fast\u00a0immer 30\u00b0C warm und sehr sonnig. Die Schau fand in einer Halle von Lawrence Sun, dem gr\u00f6\u00dften Orchideenproduzenten Chinas statt. Sie stand dieses Mal fast ganz im Zeichen der Floristen, die wirklich kunstvolle St\u00e4nde aufbauten. Wir alten Orchideensaurier aus Myanmar Saw Lwin, \u00a0aus Thailand, Taiwan oder Singapur wurden mit unseren herk\u00f6mmlichen eher landschaftartigen St\u00e4nden (in meinem Fall allerdings mit Schnitt) f\u00fchlten uns etwas an den Rand gedr\u00e4ngt. Dies kann aber auch mein subjektiver Eindruck sind. Die jungen Wilden sind innovativ und kreativ.<\/p>\n<figure id=\"attachment_737\" aria-describedby=\"caption-attachment-737\" style=\"width: 1000px\" class=\"wp-caption aligncenter\"><a href=\"http:\/\/blog.orchideen-journal.de\/wp-content\/uploads\/2017\/01\/IMG_7015.jpg\"><img loading=\"lazy\" decoding=\"async\" class=\"size-full wp-image-737\" src=\"http:\/\/blog.orchideen-journal.de\/wp-content\/uploads\/2017\/01\/IMG_7015.jpg\" alt=\"Japanische Floristenkunst \" width=\"1000\" height=\"667\" srcset=\"https:\/\/orchideen-journal.de\/wp-content\/uploads\/2017\/01\/IMG_7015.jpg 1000w, https:\/\/orchideen-journal.de\/wp-content\/uploads\/2017\/01\/IMG_7015-300x200.jpg 300w, https:\/\/orchideen-journal.de\/wp-content\/uploads\/2017\/01\/IMG_7015-768x512.jpg 768w\" sizes=\"(max-width: 767px) 89vw, (max-width: 1000px) 54vw, (max-width: 1071px) 543px, 580px\" \/><\/a><figcaption id=\"caption-attachment-737\" class=\"wp-caption-text\">Japanische Floristenkunst<\/figcaption><\/figure>\n<p>Trotzdem gewann die VDOF zusammen mit Christiansen den Excellent Award, was bei der starken Konkurrenz durchaus bemerkenswert ist.<\/p>\n","protected":false},"excerpt":{"rendered":"<p>Zum bereits jetzt 5. Mal hatte ich Gelegenheit an dieser Schau in S\u00fcdchina teilzunehmen. Als einziger weiterer europ\u00e4ischer Teilnehmer war Hans Christiansen aus D\u00e4nemark eingeladen. Mit \u00a0gesponserten Schnittblumen der Firmen Miquel, Schwerter Orchideenzucht und Lucke (Orchideen Fresonke) reiste ich nach China. Dort ist es fast\u00a0immer 30\u00b0C warm und sehr sonnig. Die Schau fand in einer &hellip; <\/p>\n<p class=\"link-more\"><a href=\"https:\/\/orchideen-journal.de\/?p=735\" class=\"more-link\"><span class=\"screen-reader-text\">\u201e11.  Sanya (Hainan) China Internationale Orchideenschau\u201c<\/span> weiterlesen<\/a><\/p>\n","protected":false},"author":3,"featured_media":0,"comment_status":"open","ping_status":"open","sticky":false,"template":"","format":"standard","meta":{"footnotes":""},"categories":[1],"tags":[],"_links":{"self":[{"href":"https:\/\/orchideen-journal.de\/index.php?rest_route=\/wp\/v2\/posts\/735"}],"collection":[{"href":"https:\/\/orchideen-journal.de\/index.php?rest_route=\/wp\/v2\/posts"}],"about":[{"href":"https:\/\/orchideen-journal.de\/index.php?rest_route=\/wp\/v2\/types\/post"}],"author":[{"embeddable":true,"href":"https:\/\/orchideen-journal.de\/index.php?rest_route=\/wp\/v2\/users\/3"}],"replies":[{"embeddable":true,"href":"https:\/\/orchideen-journal.de\/index.php?rest_route=%2Fwp%2Fv2%2Fcomments&post=735"}],"version-history":[{"count":1,"href":"https:\/\/orchideen-journal.de\/index.php?rest_route=\/wp\/v2\/posts\/735\/revisions"}],"predecessor-version":[{"id":738,"href":"https:\/\/orchideen-journal.de\/index.php?rest_route=\/wp\/v2\/posts\/735\/revisions\/738"}],"wp:attachment":[{"href":"https:\/\/orchideen-journal.de\/index.php?rest_route=%2Fwp%2Fv2%2Fmedia&parent=735"}],"wp:term":[{"taxonomy":"category","embeddable":true,"href":"https:\/\/orchideen-journal.de\/index.php?rest_route=%2Fwp%2Fv2%2Fcategories&post=735"},{"taxonomy":"post_tag","embeddable":true,"href":"https:\/\/orchideen-journal.de\/index.php?rest_route=%2Fwp%2Fv2%2Ftags&post=735"}],"curies":[{"name":"wp","href":"https:\/\/api.w.org\/{rel}","templated":true}]}}