{"id":715,"date":"2016-11-24T14:09:00","date_gmt":"2016-11-24T14:09:00","guid":{"rendered":"http:\/\/blog.orchideen-journal.de\/?p=715"},"modified":"2016-11-24T14:09:00","modified_gmt":"2016-11-24T14:09:00","slug":"coelogyne-nitida-mit-ungewoehnlicher-bluetezeit","status":"publish","type":"post","link":"https:\/\/orchideen-journal.de\/?p=715","title":{"rendered":"Coelogyne nitida mit ungew\u00f6hnlicher Bl\u00fctezeit"},"content":{"rendered":"<p>In der Gattung <em>Coelogyne<\/em> gibt es eine Gruppe von Pflanzen, die der Sektion <em>Ocellatae<\/em> angeh\u00f6ren und die schwer auseinander zu halten sind. Die Pseudobulben sind mehr oder weniger kugelig, hellgr\u00fcn und stehen dicht zusammen. entweder mit einem oder mit zwei\u00a0\u00a0Bl\u00e4ttern, die bis 25 cm lang sein sollen (bei mir k\u00fcrzer) und ungef\u00e4hr 3 cm breit sind. Der Bl\u00fctenstand ist protheranth, das bedeutet er erscheint vor den Bl\u00e4ttern aus dem Neutrieb und er hat 3-6 Bl\u00fcten, die im Durchmesser 4 cm erreichen, wei\u00df sind mit 4 gelben Flecken auf den Seitenlappen und zwei gelben Scheiben mit rotem Rand auf dem Mittellappen. Normalerweise bl\u00fcht die Art Mai bis Juni. Sie hat wegen des sch\u00f6nen, hellen Sp\u00e4tsommers nochmal gebl\u00fcht.<\/p>\n<p>Die Art stammt aus Nepal, Bhutan, Burma, Yunnan Laos, Thailand. Sie wurde 1828\u00a0von Lindley beschrieben. Sie kommt in Bergregenw\u00e4ldern bis 2600m H\u00f6he vor.<\/p>\n<figure id=\"attachment_716\" aria-describedby=\"caption-attachment-716\" style=\"width: 660px\" class=\"wp-caption aligncenter\"><a href=\"http:\/\/blog.orchideen-journal.de\/wp-content\/uploads\/2016\/11\/IMG_6274.jpg\"><img loading=\"lazy\" decoding=\"async\" class=\"size-large wp-image-716\" src=\"http:\/\/blog.orchideen-journal.de\/wp-content\/uploads\/2016\/11\/IMG_6274-683x1024.jpg\" alt=\"Coelogyne nitida \" width=\"660\" height=\"990\" srcset=\"https:\/\/orchideen-journal.de\/wp-content\/uploads\/2016\/11\/IMG_6274-683x1024.jpg 683w, https:\/\/orchideen-journal.de\/wp-content\/uploads\/2016\/11\/IMG_6274-200x300.jpg 200w, https:\/\/orchideen-journal.de\/wp-content\/uploads\/2016\/11\/IMG_6274-768x1152.jpg 768w, https:\/\/orchideen-journal.de\/wp-content\/uploads\/2016\/11\/IMG_6274.jpg 1000w\" sizes=\"(max-width: 660px) 100vw, 660px\" \/><\/a><figcaption id=\"caption-attachment-716\" class=\"wp-caption-text\">Coelogyne nitida<\/figcaption><\/figure>\n<p>Sie steht\u00a0\u00a0im Topf, hell, ist \u00a0leicht zu pflegen\u00a0\u00a0und vertr\u00e4gt w\u00e4hrend des Wachstums D\u00fcnger. Ich kultiviere sie k\u00fchl oder temperiert und mit viel Licht.<\/p>\n<p>&nbsp;<\/p>\n","protected":false},"excerpt":{"rendered":"<p>In der Gattung Coelogyne gibt es eine Gruppe von Pflanzen, die der Sektion Ocellatae angeh\u00f6ren und die schwer auseinander zu halten sind. Die Pseudobulben sind mehr oder weniger kugelig, hellgr\u00fcn und stehen dicht zusammen. entweder mit einem oder mit zwei\u00a0\u00a0Bl\u00e4ttern, die bis 25 cm lang sein sollen (bei mir k\u00fcrzer) und ungef\u00e4hr 3 cm breit &hellip; <\/p>\n<p class=\"link-more\"><a href=\"https:\/\/orchideen-journal.de\/?p=715\" class=\"more-link\"><span class=\"screen-reader-text\">\u201eCoelogyne nitida mit ungew\u00f6hnlicher Bl\u00fctezeit\u201c<\/span> weiterlesen<\/a><\/p>\n","protected":false},"author":3,"featured_media":0,"comment_status":"open","ping_status":"open","sticky":false,"template":"","format":"standard","meta":{"footnotes":""},"categories":[1],"tags":[],"_links":{"self":[{"href":"https:\/\/orchideen-journal.de\/index.php?rest_route=\/wp\/v2\/posts\/715"}],"collection":[{"href":"https:\/\/orchideen-journal.de\/index.php?rest_route=\/wp\/v2\/posts"}],"about":[{"href":"https:\/\/orchideen-journal.de\/index.php?rest_route=\/wp\/v2\/types\/post"}],"author":[{"embeddable":true,"href":"https:\/\/orchideen-journal.de\/index.php?rest_route=\/wp\/v2\/users\/3"}],"replies":[{"embeddable":true,"href":"https:\/\/orchideen-journal.de\/index.php?rest_route=%2Fwp%2Fv2%2Fcomments&post=715"}],"version-history":[{"count":1,"href":"https:\/\/orchideen-journal.de\/index.php?rest_route=\/wp\/v2\/posts\/715\/revisions"}],"predecessor-version":[{"id":717,"href":"https:\/\/orchideen-journal.de\/index.php?rest_route=\/wp\/v2\/posts\/715\/revisions\/717"}],"wp:attachment":[{"href":"https:\/\/orchideen-journal.de\/index.php?rest_route=%2Fwp%2Fv2%2Fmedia&parent=715"}],"wp:term":[{"taxonomy":"category","embeddable":true,"href":"https:\/\/orchideen-journal.de\/index.php?rest_route=%2Fwp%2Fv2%2Fcategories&post=715"},{"taxonomy":"post_tag","embeddable":true,"href":"https:\/\/orchideen-journal.de\/index.php?rest_route=%2Fwp%2Fv2%2Ftags&post=715"}],"curies":[{"name":"wp","href":"https:\/\/api.w.org\/{rel}","templated":true}]}}