{"id":705,"date":"2016-11-06T10:17:43","date_gmt":"2016-11-06T10:17:43","guid":{"rendered":"http:\/\/blog.orchideen-journal.de\/?p=705"},"modified":"2016-11-06T10:19:13","modified_gmt":"2016-11-06T10:19:13","slug":"vanda-roberts-delight","status":"publish","type":"post","link":"https:\/\/orchideen-journal.de\/?p=705","title":{"rendered":"Vanda Roberts Delight"},"content":{"rendered":"<p>Vor vielen Jahren erhielt ich einen kleinen S\u00e4mling einer Vandahybride, die zwar einen Namen (Roberts Delight) \u00a0trug, aber da es offenbar ein S\u00e4mling war, hatte ich keine Vorstellung \u00fcber ihre m\u00f6gliche Bl\u00fctenfarbe.<\/p>\n<p>Robert ist der Vorname von Robert(Bob) Fuchs er betreibt in Florida eine Orchideeng\u00e4rtnerei. Schon 1984 anl\u00e4sslich der ersten Weltorchideenkonferenz in Miami hatte ich seine Vanda-Orchideen bewundertund mir auf den R\u00fcckflug mitten im Winter sogar zwei Pflanzen mitgenommen, die aufgrund der K\u00e4lte auf Flugh\u00e4fen und anschlie\u00dfend im Zug prompt eingingen. Auf der Orchideenkonferenz 2008 in Miami habe ich wieder vor seinen Vandeen gestanden. Inzwischen gibt es diese Orchideen in vielen G\u00e4rtnereien in Deutschland, z.B. in Schwerte. Sie sind oft ohne Substrat in Holz-oder Plastikk\u00f6rbchen montiert;\u00a0regelm\u00e4\u00dfiges Anspr\u00fchen mit leichter D\u00fcngerl\u00f6sung und nicht zu k\u00fchle Kultur sowie viel Licht sind ihre Anspr\u00fcche.<\/p>\n<figure id=\"attachment_706\" aria-describedby=\"caption-attachment-706\" style=\"width: 1000px\" class=\"wp-caption aligncenter\"><a href=\"http:\/\/blog.orchideen-journal.de\/wp-content\/uploads\/2016\/11\/IMG_6277.jpg\"><img loading=\"lazy\" decoding=\"async\" class=\"size-full wp-image-706\" src=\"http:\/\/blog.orchideen-journal.de\/wp-content\/uploads\/2016\/11\/IMG_6277.jpg\" alt=\"Vanda Roberts Delight \" width=\"1000\" height=\"667\" srcset=\"https:\/\/orchideen-journal.de\/wp-content\/uploads\/2016\/11\/IMG_6277.jpg 1000w, https:\/\/orchideen-journal.de\/wp-content\/uploads\/2016\/11\/IMG_6277-300x200.jpg 300w, https:\/\/orchideen-journal.de\/wp-content\/uploads\/2016\/11\/IMG_6277-768x512.jpg 768w\" sizes=\"(max-width: 767px) 89vw, (max-width: 1000px) 54vw, (max-width: 1071px) 543px, 580px\" \/><\/a><figcaption id=\"caption-attachment-706\" class=\"wp-caption-text\">Vanda Roberts Delight<\/figcaption><\/figure>\n<p>Die Pflanze, die ich besitze, steht mit grobem Substrat in einem Tontopf. Nach fast 10 Jahren hat sie das erste Mal gebl\u00fcht. Aber das Warten hat sich gelohnt. Roberts Delight, also Roberts Freude ist jetzt auch meine Freude.<\/p>\n","protected":false},"excerpt":{"rendered":"<p>Vor vielen Jahren erhielt ich einen kleinen S\u00e4mling einer Vandahybride, die zwar einen Namen (Roberts Delight) \u00a0trug, aber da es offenbar ein S\u00e4mling war, hatte ich keine Vorstellung \u00fcber ihre m\u00f6gliche Bl\u00fctenfarbe. Robert ist der Vorname von Robert(Bob) Fuchs er betreibt in Florida eine Orchideeng\u00e4rtnerei. Schon 1984 anl\u00e4sslich der ersten Weltorchideenkonferenz in Miami hatte ich &hellip; <\/p>\n<p class=\"link-more\"><a href=\"https:\/\/orchideen-journal.de\/?p=705\" class=\"more-link\"><span class=\"screen-reader-text\">\u201eVanda Roberts Delight\u201c<\/span> weiterlesen<\/a><\/p>\n","protected":false},"author":3,"featured_media":0,"comment_status":"open","ping_status":"open","sticky":false,"template":"","format":"standard","meta":{"footnotes":""},"categories":[1],"tags":[],"_links":{"self":[{"href":"https:\/\/orchideen-journal.de\/index.php?rest_route=\/wp\/v2\/posts\/705"}],"collection":[{"href":"https:\/\/orchideen-journal.de\/index.php?rest_route=\/wp\/v2\/posts"}],"about":[{"href":"https:\/\/orchideen-journal.de\/index.php?rest_route=\/wp\/v2\/types\/post"}],"author":[{"embeddable":true,"href":"https:\/\/orchideen-journal.de\/index.php?rest_route=\/wp\/v2\/users\/3"}],"replies":[{"embeddable":true,"href":"https:\/\/orchideen-journal.de\/index.php?rest_route=%2Fwp%2Fv2%2Fcomments&post=705"}],"version-history":[{"count":3,"href":"https:\/\/orchideen-journal.de\/index.php?rest_route=\/wp\/v2\/posts\/705\/revisions"}],"predecessor-version":[{"id":709,"href":"https:\/\/orchideen-journal.de\/index.php?rest_route=\/wp\/v2\/posts\/705\/revisions\/709"}],"wp:attachment":[{"href":"https:\/\/orchideen-journal.de\/index.php?rest_route=%2Fwp%2Fv2%2Fmedia&parent=705"}],"wp:term":[{"taxonomy":"category","embeddable":true,"href":"https:\/\/orchideen-journal.de\/index.php?rest_route=%2Fwp%2Fv2%2Fcategories&post=705"},{"taxonomy":"post_tag","embeddable":true,"href":"https:\/\/orchideen-journal.de\/index.php?rest_route=%2Fwp%2Fv2%2Ftags&post=705"}],"curies":[{"name":"wp","href":"https:\/\/api.w.org\/{rel}","templated":true}]}}