{"id":702,"date":"2016-11-03T11:46:06","date_gmt":"2016-11-03T11:46:06","guid":{"rendered":"http:\/\/blog.orchideen-journal.de\/?p=702"},"modified":"2016-11-03T11:46:06","modified_gmt":"2016-11-03T11:46:06","slug":"dryadella-simula-auch-fast-ein-dauerblueher","status":"publish","type":"post","link":"https:\/\/orchideen-journal.de\/?p=702","title":{"rendered":"Dryadella simula auch fast  ein Dauerbl\u00fcher"},"content":{"rendered":"<p>Vor vielen Jahren hat mir ein Orchideenfreund diese kleinw\u00fcchsige Pflanze mit ihren lanzettligen Bl\u00e4tter geschenkt. Sie steht in einem kleinen Gittertopf relativ dunkel auf dem Gew\u00e4chshaustisch und wird st\u00e4ndig feucht gehalten. Die kleinen Bl\u00fcten erscheinen in unregelm\u00e4\u00dfigen Abst\u00e4nden das ganze Jahr \u00fcber.<\/p>\n<p>Diese Orchidee wurde von Luer 1978 f\u00fcr Ekuador, Kolumbien und Peru beschrieben, wo ist im unteren Wolkenregenwald (also sehr feucht) in H\u00f6henlagen zwischen 2000 und 3000 m vorkommt.<\/p>\n<figure id=\"attachment_703\" aria-describedby=\"caption-attachment-703\" style=\"width: 1000px\" class=\"wp-caption aligncenter\"><a href=\"http:\/\/blog.orchideen-journal.de\/wp-content\/uploads\/2016\/11\/DSCN0949.jpg\"><img loading=\"lazy\" decoding=\"async\" class=\"size-full wp-image-703\" src=\"http:\/\/blog.orchideen-journal.de\/wp-content\/uploads\/2016\/11\/DSCN0949.jpg\" alt=\"Dryadella simula \" width=\"1000\" height=\"750\" srcset=\"https:\/\/orchideen-journal.de\/wp-content\/uploads\/2016\/11\/DSCN0949.jpg 1000w, https:\/\/orchideen-journal.de\/wp-content\/uploads\/2016\/11\/DSCN0949-300x225.jpg 300w, https:\/\/orchideen-journal.de\/wp-content\/uploads\/2016\/11\/DSCN0949-768x576.jpg 768w\" sizes=\"(max-width: 767px) 89vw, (max-width: 1000px) 54vw, (max-width: 1071px) 543px, 580px\" \/><\/a><figcaption id=\"caption-attachment-703\" class=\"wp-caption-text\">Dryadella simula<\/figcaption><\/figure>\n<p>Sie l\u00e4sst sich durch mehrtriebige Blattb\u00fcschel gut vermehren.<\/p>\n","protected":false},"excerpt":{"rendered":"<p>Vor vielen Jahren hat mir ein Orchideenfreund diese kleinw\u00fcchsige Pflanze mit ihren lanzettligen Bl\u00e4tter geschenkt. Sie steht in einem kleinen Gittertopf relativ dunkel auf dem Gew\u00e4chshaustisch und wird st\u00e4ndig feucht gehalten. Die kleinen Bl\u00fcten erscheinen in unregelm\u00e4\u00dfigen Abst\u00e4nden das ganze Jahr \u00fcber. Diese Orchidee wurde von Luer 1978 f\u00fcr Ekuador, Kolumbien und Peru beschrieben, wo &hellip; <\/p>\n<p class=\"link-more\"><a href=\"https:\/\/orchideen-journal.de\/?p=702\" class=\"more-link\"><span class=\"screen-reader-text\">\u201eDryadella simula auch fast  ein Dauerbl\u00fcher\u201c<\/span> weiterlesen<\/a><\/p>\n","protected":false},"author":3,"featured_media":0,"comment_status":"open","ping_status":"open","sticky":false,"template":"","format":"standard","meta":{"footnotes":""},"categories":[1],"tags":[],"_links":{"self":[{"href":"https:\/\/orchideen-journal.de\/index.php?rest_route=\/wp\/v2\/posts\/702"}],"collection":[{"href":"https:\/\/orchideen-journal.de\/index.php?rest_route=\/wp\/v2\/posts"}],"about":[{"href":"https:\/\/orchideen-journal.de\/index.php?rest_route=\/wp\/v2\/types\/post"}],"author":[{"embeddable":true,"href":"https:\/\/orchideen-journal.de\/index.php?rest_route=\/wp\/v2\/users\/3"}],"replies":[{"embeddable":true,"href":"https:\/\/orchideen-journal.de\/index.php?rest_route=%2Fwp%2Fv2%2Fcomments&post=702"}],"version-history":[{"count":1,"href":"https:\/\/orchideen-journal.de\/index.php?rest_route=\/wp\/v2\/posts\/702\/revisions"}],"predecessor-version":[{"id":704,"href":"https:\/\/orchideen-journal.de\/index.php?rest_route=\/wp\/v2\/posts\/702\/revisions\/704"}],"wp:attachment":[{"href":"https:\/\/orchideen-journal.de\/index.php?rest_route=%2Fwp%2Fv2%2Fmedia&parent=702"}],"wp:term":[{"taxonomy":"category","embeddable":true,"href":"https:\/\/orchideen-journal.de\/index.php?rest_route=%2Fwp%2Fv2%2Fcategories&post=702"},{"taxonomy":"post_tag","embeddable":true,"href":"https:\/\/orchideen-journal.de\/index.php?rest_route=%2Fwp%2Fv2%2Ftags&post=702"}],"curies":[{"name":"wp","href":"https:\/\/api.w.org\/{rel}","templated":true}]}}