{"id":2936,"date":"2026-01-29T08:44:36","date_gmt":"2026-01-29T08:44:36","guid":{"rendered":"https:\/\/orchideen-journal.de\/?p=2936"},"modified":"2026-02-15T09:13:08","modified_gmt":"2026-02-15T09:13:08","slug":"coelogyne-cristata","status":"publish","type":"post","link":"https:\/\/orchideen-journal.de\/?p=2936","title":{"rendered":"Coelogyne cristata"},"content":{"rendered":"\n<p>Eigentlich bl\u00fcht diese Pflanze ab dem Jahreswechsel. Bei mir gibt es inzwischen viele Exemplare. Allerdings die hei\u00dfen Sommer in manchen der vergangenen Jahre haben zu kleinen Bulben und damit zu weniger Bl\u00fcten gef\u00fchrt. aber jetzt bl\u00fchen sie, wenn auch eingeschr\u00e4nkt. Kultur im Korb oder Topf, mag w\u00e4hrend des Wachstums der Neutriebe Wasser und D\u00fcnger. Sobald das Wachstum abgeschlossen ist, erfolgt eine trockene aber helle Ruhephase. Dann erscheinen die Bl\u00fctentriebe. Die hier gezeigte Pflanze ist die Variet\u00e4t hololeuca, falls diese Bezeichnung berechtigt ist.<\/p>\n\n\n\n<p>Mir hat Herbert Reisinger geschrieben, dass meine gezeigte Pflanze offenbar eine ganz normale Coelogyne cristata ist. Danke. <\/p>\n\n\n\n<figure class=\"wp-block-image\"><img loading=\"lazy\" decoding=\"async\" width=\"1134\" height=\"756\" src=\"https:\/\/orchideen-journal.de\/wp-content\/uploads\/2022\/01\/IMG_1283.jpg\" alt=\"\" class=\"wp-image-1873\" srcset=\"https:\/\/orchideen-journal.de\/wp-content\/uploads\/2022\/01\/IMG_1283.jpg 1134w, https:\/\/orchideen-journal.de\/wp-content\/uploads\/2022\/01\/IMG_1283-300x200.jpg 300w, https:\/\/orchideen-journal.de\/wp-content\/uploads\/2022\/01\/IMG_1283-768x512.jpg 768w, https:\/\/orchideen-journal.de\/wp-content\/uploads\/2022\/01\/IMG_1283-1024x683.jpg 1024w\" sizes=\"(max-width: 767px) 89vw, (max-width: 1000px) 54vw, (max-width: 1071px) 543px, 580px\" \/><\/figure>\n","protected":false},"excerpt":{"rendered":"<p>Eigentlich bl\u00fcht diese Pflanze ab dem Jahreswechsel. Bei mir gibt es inzwischen viele Exemplare. Allerdings die hei\u00dfen Sommer in manchen der vergangenen Jahre haben zu kleinen Bulben und damit zu weniger Bl\u00fcten gef\u00fchrt. aber jetzt bl\u00fchen sie, wenn auch eingeschr\u00e4nkt. Kultur im Korb oder Topf, mag w\u00e4hrend des Wachstums der Neutriebe Wasser und D\u00fcnger. Sobald &hellip; <\/p>\n<p class=\"link-more\"><a href=\"https:\/\/orchideen-journal.de\/?p=2936\" class=\"more-link\"><span class=\"screen-reader-text\">\u201eCoelogyne cristata\u201c<\/span> weiterlesen<\/a><\/p>\n","protected":false},"author":3,"featured_media":0,"comment_status":"open","ping_status":"open","sticky":false,"template":"","format":"standard","meta":{"footnotes":""},"categories":[1],"tags":[],"_links":{"self":[{"href":"https:\/\/orchideen-journal.de\/index.php?rest_route=\/wp\/v2\/posts\/2936"}],"collection":[{"href":"https:\/\/orchideen-journal.de\/index.php?rest_route=\/wp\/v2\/posts"}],"about":[{"href":"https:\/\/orchideen-journal.de\/index.php?rest_route=\/wp\/v2\/types\/post"}],"author":[{"embeddable":true,"href":"https:\/\/orchideen-journal.de\/index.php?rest_route=\/wp\/v2\/users\/3"}],"replies":[{"embeddable":true,"href":"https:\/\/orchideen-journal.de\/index.php?rest_route=%2Fwp%2Fv2%2Fcomments&post=2936"}],"version-history":[{"count":2,"href":"https:\/\/orchideen-journal.de\/index.php?rest_route=\/wp\/v2\/posts\/2936\/revisions"}],"predecessor-version":[{"id":2943,"href":"https:\/\/orchideen-journal.de\/index.php?rest_route=\/wp\/v2\/posts\/2936\/revisions\/2943"}],"wp:attachment":[{"href":"https:\/\/orchideen-journal.de\/index.php?rest_route=%2Fwp%2Fv2%2Fmedia&parent=2936"}],"wp:term":[{"taxonomy":"category","embeddable":true,"href":"https:\/\/orchideen-journal.de\/index.php?rest_route=%2Fwp%2Fv2%2Fcategories&post=2936"},{"taxonomy":"post_tag","embeddable":true,"href":"https:\/\/orchideen-journal.de\/index.php?rest_route=%2Fwp%2Fv2%2Ftags&post=2936"}],"curies":[{"name":"wp","href":"https:\/\/api.w.org\/{rel}","templated":true}]}}