{"id":2892,"date":"2025-10-30T11:02:55","date_gmt":"2025-10-30T11:02:55","guid":{"rendered":"https:\/\/orchideen-journal.de\/?p=2892"},"modified":"2025-10-30T11:02:56","modified_gmt":"2025-10-30T11:02:56","slug":"ceratostylis-rubra-oder-retisquama","status":"publish","type":"post","link":"https:\/\/orchideen-journal.de\/?p=2892","title":{"rendered":"Ceratostylis rubra oder retisquama"},"content":{"rendered":"\n<p>Diese ungew\u00f6hnliche Art ist seit vielen Jahren in meiner Sammlung, sie bl\u00fcht meist zweimal im Jahr. Da ich sie sehr  sparsam gie\u00dfe, ist sie in ihrem Topf mit Rinde immer eher klein geblieben, sie verzeiht auch l\u00e4ngere Trockenzeiten. Ihre fast sukullenten Bl\u00e4tter speichern Restfeuchtigkeit.  Die Pflanze stammt von den Philippinen und w\u00e4chst  als Epiphyt in H\u00f6hen von 500 m.  Sie wurde 1857 von Reichenbach als Caratostylis retisquama beschrieben. <\/p>\n\n\n\n<figure class=\"wp-block-image size-large\"><a href=\"https:\/\/orchideen-journal.de\/wp-content\/uploads\/2021\/09\/67-Kopie.jpg\"><img loading=\"lazy\" decoding=\"async\" width=\"1024\" height=\"683\" src=\"https:\/\/orchideen-journal.de\/wp-content\/uploads\/2021\/09\/67-Kopie-1024x683.jpg\" alt=\"\" class=\"wp-image-1770\" srcset=\"https:\/\/orchideen-journal.de\/wp-content\/uploads\/2021\/09\/67-Kopie-1024x683.jpg 1024w, https:\/\/orchideen-journal.de\/wp-content\/uploads\/2021\/09\/67-Kopie-300x200.jpg 300w, https:\/\/orchideen-journal.de\/wp-content\/uploads\/2021\/09\/67-Kopie-768x512.jpg 768w, https:\/\/orchideen-journal.de\/wp-content\/uploads\/2021\/09\/67-Kopie.jpg 1134w\" sizes=\"(max-width: 767px) 89vw, (max-width: 1000px) 54vw, (max-width: 1071px) 543px, 580px\" \/><\/a><\/figure>\n","protected":false},"excerpt":{"rendered":"<p>Diese ungew\u00f6hnliche Art ist seit vielen Jahren in meiner Sammlung, sie bl\u00fcht meist zweimal im Jahr. Da ich sie sehr sparsam gie\u00dfe, ist sie in ihrem Topf mit Rinde immer eher klein geblieben, sie verzeiht auch l\u00e4ngere Trockenzeiten. Ihre fast sukullenten Bl\u00e4tter speichern Restfeuchtigkeit. Die Pflanze stammt von den Philippinen und w\u00e4chst als Epiphyt in &hellip; <\/p>\n<p class=\"link-more\"><a href=\"https:\/\/orchideen-journal.de\/?p=2892\" class=\"more-link\"><span class=\"screen-reader-text\">\u201eCeratostylis rubra oder retisquama\u201c<\/span> weiterlesen<\/a><\/p>\n","protected":false},"author":3,"featured_media":0,"comment_status":"open","ping_status":"open","sticky":false,"template":"","format":"standard","meta":{"footnotes":""},"categories":[1],"tags":[],"_links":{"self":[{"href":"https:\/\/orchideen-journal.de\/index.php?rest_route=\/wp\/v2\/posts\/2892"}],"collection":[{"href":"https:\/\/orchideen-journal.de\/index.php?rest_route=\/wp\/v2\/posts"}],"about":[{"href":"https:\/\/orchideen-journal.de\/index.php?rest_route=\/wp\/v2\/types\/post"}],"author":[{"embeddable":true,"href":"https:\/\/orchideen-journal.de\/index.php?rest_route=\/wp\/v2\/users\/3"}],"replies":[{"embeddable":true,"href":"https:\/\/orchideen-journal.de\/index.php?rest_route=%2Fwp%2Fv2%2Fcomments&post=2892"}],"version-history":[{"count":1,"href":"https:\/\/orchideen-journal.de\/index.php?rest_route=\/wp\/v2\/posts\/2892\/revisions"}],"predecessor-version":[{"id":2893,"href":"https:\/\/orchideen-journal.de\/index.php?rest_route=\/wp\/v2\/posts\/2892\/revisions\/2893"}],"wp:attachment":[{"href":"https:\/\/orchideen-journal.de\/index.php?rest_route=%2Fwp%2Fv2%2Fmedia&parent=2892"}],"wp:term":[{"taxonomy":"category","embeddable":true,"href":"https:\/\/orchideen-journal.de\/index.php?rest_route=%2Fwp%2Fv2%2Fcategories&post=2892"},{"taxonomy":"post_tag","embeddable":true,"href":"https:\/\/orchideen-journal.de\/index.php?rest_route=%2Fwp%2Fv2%2Ftags&post=2892"}],"curies":[{"name":"wp","href":"https:\/\/api.w.org\/{rel}","templated":true}]}}