{"id":2689,"date":"2025-03-20T12:02:08","date_gmt":"2025-03-20T12:02:08","guid":{"rendered":"https:\/\/orchideen-journal.de\/?p=2689"},"modified":"2025-03-20T12:02:09","modified_gmt":"2025-03-20T12:02:09","slug":"lycaste-aromatica-2","status":"publish","type":"post","link":"https:\/\/orchideen-journal.de\/?p=2689","title":{"rendered":"Lycaste aromatica"},"content":{"rendered":"\n<p>Auch eine Orchidee, die sich irgendwie in meine Sammlung gekommen ist und durch ihren ausladenden Wuchs viel Platz wegnimmt. Inzwischen  habe ich drei gro\u00dfe T\u00f6pfe. Die Pflanzen werden in Rinde kultiviert und w\u00e4hrend des Triebwachstum im Sommer regelm\u00e4\u00dfig ged\u00fcngt. Nach dem Blattfall im Sp\u00e4therbst wird die Pflanze etwas trockener gehalten im Februar erscheinen an der Basis der neuen Bulben die Bl\u00fcten. <br>Die Pflanze stammt aus S\u00fcdamerika und w\u00e4chst in H\u00f6hen zwischen 500 und 2000 m. Sie wurde 1843 von Lindley beschrieben. Der Name deutet auf den  Duft hin.<\/p>\n\n\n\n<figure class=\"wp-block-image size-large\"><a href=\"https:\/\/orchideen-journal.de\/wp-content\/uploads\/2019\/10\/IMG_9875.jpg\"><img loading=\"lazy\" decoding=\"async\" width=\"1024\" height=\"683\" src=\"https:\/\/orchideen-journal.de\/wp-content\/uploads\/2019\/10\/IMG_9875-1024x683.jpg\" alt=\"\" class=\"wp-image-1345\" srcset=\"https:\/\/orchideen-journal.de\/wp-content\/uploads\/2019\/10\/IMG_9875-1024x683.jpg 1024w, https:\/\/orchideen-journal.de\/wp-content\/uploads\/2019\/10\/IMG_9875-300x200.jpg 300w, https:\/\/orchideen-journal.de\/wp-content\/uploads\/2019\/10\/IMG_9875-768x512.jpg 768w, https:\/\/orchideen-journal.de\/wp-content\/uploads\/2019\/10\/IMG_9875.jpg 1701w\" sizes=\"(max-width: 767px) 89vw, (max-width: 1000px) 54vw, (max-width: 1071px) 543px, 580px\" \/><\/a><figcaption class=\"wp-element-caption\">Lycaste aromatica <\/figcaption><\/figure>\n","protected":false},"excerpt":{"rendered":"<p>Auch eine Orchidee, die sich irgendwie in meine Sammlung gekommen ist und durch ihren ausladenden Wuchs viel Platz wegnimmt. Inzwischen habe ich drei gro\u00dfe T\u00f6pfe. Die Pflanzen werden in Rinde kultiviert und w\u00e4hrend des Triebwachstum im Sommer regelm\u00e4\u00dfig ged\u00fcngt. Nach dem Blattfall im Sp\u00e4therbst wird die Pflanze etwas trockener gehalten im Februar erscheinen an der &hellip; <\/p>\n<p class=\"link-more\"><a href=\"https:\/\/orchideen-journal.de\/?p=2689\" class=\"more-link\"><span class=\"screen-reader-text\">\u201eLycaste aromatica\u201c<\/span> weiterlesen<\/a><\/p>\n","protected":false},"author":3,"featured_media":0,"comment_status":"open","ping_status":"open","sticky":false,"template":"","format":"standard","meta":{"footnotes":""},"categories":[1],"tags":[],"_links":{"self":[{"href":"https:\/\/orchideen-journal.de\/index.php?rest_route=\/wp\/v2\/posts\/2689"}],"collection":[{"href":"https:\/\/orchideen-journal.de\/index.php?rest_route=\/wp\/v2\/posts"}],"about":[{"href":"https:\/\/orchideen-journal.de\/index.php?rest_route=\/wp\/v2\/types\/post"}],"author":[{"embeddable":true,"href":"https:\/\/orchideen-journal.de\/index.php?rest_route=\/wp\/v2\/users\/3"}],"replies":[{"embeddable":true,"href":"https:\/\/orchideen-journal.de\/index.php?rest_route=%2Fwp%2Fv2%2Fcomments&post=2689"}],"version-history":[{"count":1,"href":"https:\/\/orchideen-journal.de\/index.php?rest_route=\/wp\/v2\/posts\/2689\/revisions"}],"predecessor-version":[{"id":2690,"href":"https:\/\/orchideen-journal.de\/index.php?rest_route=\/wp\/v2\/posts\/2689\/revisions\/2690"}],"wp:attachment":[{"href":"https:\/\/orchideen-journal.de\/index.php?rest_route=%2Fwp%2Fv2%2Fmedia&parent=2689"}],"wp:term":[{"taxonomy":"category","embeddable":true,"href":"https:\/\/orchideen-journal.de\/index.php?rest_route=%2Fwp%2Fv2%2Fcategories&post=2689"},{"taxonomy":"post_tag","embeddable":true,"href":"https:\/\/orchideen-journal.de\/index.php?rest_route=%2Fwp%2Fv2%2Ftags&post=2689"}],"curies":[{"name":"wp","href":"https:\/\/api.w.org\/{rel}","templated":true}]}}