{"id":2535,"date":"2024-07-31T07:40:05","date_gmt":"2024-07-31T07:40:05","guid":{"rendered":"https:\/\/orchideen-journal.de\/?p=2535"},"modified":"2024-07-31T07:41:12","modified_gmt":"2024-07-31T07:41:12","slug":"dendrobium-papilio","status":"publish","type":"post","link":"https:\/\/orchideen-journal.de\/?p=2535","title":{"rendered":"Dendrobium papilio"},"content":{"rendered":"\n<p>Ich kann mich noch gut erinnern, als vor ein paar Jahren diese Art bei der wichtigsten Orchideenschau des Jahres, dem Tokyo Dome, einen der vorderen Pl\u00e4tze belegte, war ich totl geflasht von der graziler Sch\u00f6nheit ihrer Bl\u00fcten. Inzwischen ist mir klar warum Kenner bei einer solchen Pflanze sofort f\u00fcr eine Platzierung stimmen. Denn auch bei den G\u00e4rtnern ist sie nicht einfach in Kultur. Zun\u00e4chst als Jungpflanze w\u00e4chst sie gut. Dann aber wird das Laub empfindlich, bekommt Spinnmilben oder andere Erkrankungen. Und sie bl\u00fcht immer eher sp\u00e4rlich. Komischerweise bl\u00fcht die Art dieses bei mir jetzt im Hochsommer. Vermute es war davor zu hell auf dem Tisch. Seit einigen Wochen habe ich die Schattierung montiert. Kultur in kleinem Plastiktopf mit grobem Rindensubstrat. Ich vermute mein Konzept des D\u00fcnges bei jedem W\u00e4ssern wird nicht so gut vertragen von dieser Art. Sie stammt von den Philippinen aus H\u00f6hen zwischen 1400 bis 2200m und wurde 1897 von Loher beschrieben.<\/p>\n\n\n\n<figure class=\"wp-block-image size-large\"><a href=\"https:\/\/orchideen-journal.de\/wp-content\/uploads\/2021\/08\/IMG_6475.jpg\"><img loading=\"lazy\" decoding=\"async\" width=\"1024\" height=\"683\" src=\"https:\/\/orchideen-journal.de\/wp-content\/uploads\/2021\/08\/IMG_6475-1024x683.jpg\" alt=\"\" class=\"wp-image-1748\" srcset=\"https:\/\/orchideen-journal.de\/wp-content\/uploads\/2021\/08\/IMG_6475-1024x683.jpg 1024w, https:\/\/orchideen-journal.de\/wp-content\/uploads\/2021\/08\/IMG_6475-300x200.jpg 300w, https:\/\/orchideen-journal.de\/wp-content\/uploads\/2021\/08\/IMG_6475-768x512.jpg 768w, https:\/\/orchideen-journal.de\/wp-content\/uploads\/2021\/08\/IMG_6475.jpg 1417w\" sizes=\"(max-width: 767px) 89vw, (max-width: 1000px) 54vw, (max-width: 1071px) 543px, 580px\" \/><\/a><figcaption class=\"wp-element-caption\">Dendrobium papilio<\/figcaption><\/figure>\n","protected":false},"excerpt":{"rendered":"<p>Ich kann mich noch gut erinnern, als vor ein paar Jahren diese Art bei der wichtigsten Orchideenschau des Jahres, dem Tokyo Dome, einen der vorderen Pl\u00e4tze belegte, war ich totl geflasht von der graziler Sch\u00f6nheit ihrer Bl\u00fcten. Inzwischen ist mir klar warum Kenner bei einer solchen Pflanze sofort f\u00fcr eine Platzierung stimmen. Denn auch bei &hellip; <\/p>\n<p class=\"link-more\"><a href=\"https:\/\/orchideen-journal.de\/?p=2535\" class=\"more-link\"><span class=\"screen-reader-text\">\u201eDendrobium papilio\u201c<\/span> weiterlesen<\/a><\/p>\n","protected":false},"author":3,"featured_media":0,"comment_status":"open","ping_status":"open","sticky":false,"template":"","format":"standard","meta":{"footnotes":""},"categories":[1],"tags":[],"_links":{"self":[{"href":"https:\/\/orchideen-journal.de\/index.php?rest_route=\/wp\/v2\/posts\/2535"}],"collection":[{"href":"https:\/\/orchideen-journal.de\/index.php?rest_route=\/wp\/v2\/posts"}],"about":[{"href":"https:\/\/orchideen-journal.de\/index.php?rest_route=\/wp\/v2\/types\/post"}],"author":[{"embeddable":true,"href":"https:\/\/orchideen-journal.de\/index.php?rest_route=\/wp\/v2\/users\/3"}],"replies":[{"embeddable":true,"href":"https:\/\/orchideen-journal.de\/index.php?rest_route=%2Fwp%2Fv2%2Fcomments&post=2535"}],"version-history":[{"count":2,"href":"https:\/\/orchideen-journal.de\/index.php?rest_route=\/wp\/v2\/posts\/2535\/revisions"}],"predecessor-version":[{"id":2537,"href":"https:\/\/orchideen-journal.de\/index.php?rest_route=\/wp\/v2\/posts\/2535\/revisions\/2537"}],"wp:attachment":[{"href":"https:\/\/orchideen-journal.de\/index.php?rest_route=%2Fwp%2Fv2%2Fmedia&parent=2535"}],"wp:term":[{"taxonomy":"category","embeddable":true,"href":"https:\/\/orchideen-journal.de\/index.php?rest_route=%2Fwp%2Fv2%2Fcategories&post=2535"},{"taxonomy":"post_tag","embeddable":true,"href":"https:\/\/orchideen-journal.de\/index.php?rest_route=%2Fwp%2Fv2%2Ftags&post=2535"}],"curies":[{"name":"wp","href":"https:\/\/api.w.org\/{rel}","templated":true}]}}