{"id":2527,"date":"2024-07-23T06:57:49","date_gmt":"2024-07-23T06:57:49","guid":{"rendered":"https:\/\/orchideen-journal.de\/?p=2527"},"modified":"2024-07-23T06:57:50","modified_gmt":"2024-07-23T06:57:50","slug":"aspasia-lunata","status":"publish","type":"post","link":"https:\/\/orchideen-journal.de\/?p=2527","title":{"rendered":"Aspasia lunata"},"content":{"rendered":"\n<p>Anl\u00e4\u00dflich einer Reise zur G\u00e4rtnerei Currlin in Welbhausen, die ich durch Pandemie und andere Gr\u00fcnde \u00fcber 10 Jahre nicht mehr gesehen hatte, wurde ich mit einer Orchidee konfrontiert, die ich ganz aus den Augen verloren hatte. Aspasia lunata wurde 1836 von Lindley f\u00fcr Brasilien beschrieben. Der Name mondf\u00f6rmig bezieht sich wohl auf die Lippenform. Sie hat einen ausgepr\u00e4gten Duft. In der Kultur soll sie sehr anspruchslos sein von kalt bis warm. Vermute aber eher warm, denn sie scheint eine Tieflandart zu sein. Kultur im Topf mit grobem Rindensubstrat. Bl\u00fcten erscheinen mit den Neutrieben an den Neutrieben. <\/p>\n\n\n\n<figure class=\"wp-block-image size-large\"><a href=\"https:\/\/orchideen-journal.de\/wp-content\/uploads\/2024\/07\/37-Kopie-scaled.jpg\"><img loading=\"lazy\" decoding=\"async\" width=\"1024\" height=\"683\" src=\"https:\/\/orchideen-journal.de\/wp-content\/uploads\/2024\/07\/37-Kopie-1024x683.jpg\" alt=\"\" class=\"wp-image-2528\" srcset=\"https:\/\/orchideen-journal.de\/wp-content\/uploads\/2024\/07\/37-Kopie-1024x683.jpg 1024w, https:\/\/orchideen-journal.de\/wp-content\/uploads\/2024\/07\/37-Kopie-300x200.jpg 300w, https:\/\/orchideen-journal.de\/wp-content\/uploads\/2024\/07\/37-Kopie-768x512.jpg 768w, https:\/\/orchideen-journal.de\/wp-content\/uploads\/2024\/07\/37-Kopie-1536x1024.jpg 1536w, https:\/\/orchideen-journal.de\/wp-content\/uploads\/2024\/07\/37-Kopie-2048x1365.jpg 2048w\" sizes=\"(max-width: 767px) 89vw, (max-width: 1000px) 54vw, (max-width: 1071px) 543px, 580px\" \/><\/a><\/figure>\n","protected":false},"excerpt":{"rendered":"<p>Anl\u00e4\u00dflich einer Reise zur G\u00e4rtnerei Currlin in Welbhausen, die ich durch Pandemie und andere Gr\u00fcnde \u00fcber 10 Jahre nicht mehr gesehen hatte, wurde ich mit einer Orchidee konfrontiert, die ich ganz aus den Augen verloren hatte. Aspasia lunata wurde 1836 von Lindley f\u00fcr Brasilien beschrieben. Der Name mondf\u00f6rmig bezieht sich wohl auf die Lippenform. Sie &hellip; <\/p>\n<p class=\"link-more\"><a href=\"https:\/\/orchideen-journal.de\/?p=2527\" class=\"more-link\"><span class=\"screen-reader-text\">\u201eAspasia lunata\u201c<\/span> weiterlesen<\/a><\/p>\n","protected":false},"author":3,"featured_media":0,"comment_status":"open","ping_status":"open","sticky":false,"template":"","format":"standard","meta":{"footnotes":""},"categories":[1],"tags":[],"_links":{"self":[{"href":"https:\/\/orchideen-journal.de\/index.php?rest_route=\/wp\/v2\/posts\/2527"}],"collection":[{"href":"https:\/\/orchideen-journal.de\/index.php?rest_route=\/wp\/v2\/posts"}],"about":[{"href":"https:\/\/orchideen-journal.de\/index.php?rest_route=\/wp\/v2\/types\/post"}],"author":[{"embeddable":true,"href":"https:\/\/orchideen-journal.de\/index.php?rest_route=\/wp\/v2\/users\/3"}],"replies":[{"embeddable":true,"href":"https:\/\/orchideen-journal.de\/index.php?rest_route=%2Fwp%2Fv2%2Fcomments&post=2527"}],"version-history":[{"count":1,"href":"https:\/\/orchideen-journal.de\/index.php?rest_route=\/wp\/v2\/posts\/2527\/revisions"}],"predecessor-version":[{"id":2529,"href":"https:\/\/orchideen-journal.de\/index.php?rest_route=\/wp\/v2\/posts\/2527\/revisions\/2529"}],"wp:attachment":[{"href":"https:\/\/orchideen-journal.de\/index.php?rest_route=%2Fwp%2Fv2%2Fmedia&parent=2527"}],"wp:term":[{"taxonomy":"category","embeddable":true,"href":"https:\/\/orchideen-journal.de\/index.php?rest_route=%2Fwp%2Fv2%2Fcategories&post=2527"},{"taxonomy":"post_tag","embeddable":true,"href":"https:\/\/orchideen-journal.de\/index.php?rest_route=%2Fwp%2Fv2%2Ftags&post=2527"}],"curies":[{"name":"wp","href":"https:\/\/api.w.org\/{rel}","templated":true}]}}