{"id":2479,"date":"2024-05-23T08:14:16","date_gmt":"2024-05-23T08:14:16","guid":{"rendered":"http:\/\/blog.orchideen-journal.de\/?p=2479"},"modified":"2024-06-06T09:31:57","modified_gmt":"2024-06-06T09:31:57","slug":"coelogyne-vanoverberhii","status":"publish","type":"post","link":"https:\/\/orchideen-journal.de\/?p=2479","title":{"rendered":"Coelogyne vanoverberghii"},"content":{"rendered":"<p>Diese <em>Coelogyne<\/em> habe ich vor vielen Jahren mal als vermeintlich neue Art erhalten. Es hat sich aber herausgestellt, es ist die Art <em>Coelogyne<\/em> <em>vanoverberghii<\/em>. Sie wurde 1915 von Ames f\u00fcr den belgischen Missionar und Pflanzensammler Vanoverbergh beschrieben. Die Pflanze w\u00e4chst epiphytisch auf der Insel Luzon (Philippinen) in H\u00f6hen von 1700m. Bei mir wird sie im Topf in Rinde\u00a0 kultiviert und sie bl\u00fcht jedes Jahr. Es ist hilfreich sie sehr hell zu kultvieren. Temperatur am Tag 18\u00b0C und in der Nacht 14\u00b0C. Im Sommer ist sie auch mit h\u00f6heren Temperaturen zufrieden.<\/p>\n<figure id=\"attachment_581\" aria-describedby=\"caption-attachment-581\" style=\"width: 660px\" class=\"wp-caption aligncenter\"><a href=\"http:\/\/blog.orchideen-journal.de\/wp-content\/uploads\/2016\/06\/IMG_6789.jpg\"><img loading=\"lazy\" decoding=\"async\" class=\"size-large wp-image-581\" src=\"http:\/\/blog.orchideen-journal.de\/wp-content\/uploads\/2016\/06\/IMG_6789-1024x683.jpg\" alt=\"\" width=\"660\" height=\"440\" srcset=\"https:\/\/orchideen-journal.de\/wp-content\/uploads\/2016\/06\/IMG_6789-1024x683.jpg 1024w, https:\/\/orchideen-journal.de\/wp-content\/uploads\/2016\/06\/IMG_6789-300x200.jpg 300w, https:\/\/orchideen-journal.de\/wp-content\/uploads\/2016\/06\/IMG_6789-768x512.jpg 768w, https:\/\/orchideen-journal.de\/wp-content\/uploads\/2016\/06\/IMG_6789.jpg 1084w\" sizes=\"(max-width: 660px) 100vw, 660px\" \/><\/a><figcaption id=\"caption-attachment-581\" class=\"wp-caption-text\">Coelogyne vanoverberghii<\/figcaption><\/figure>\n","protected":false},"excerpt":{"rendered":"<p>Diese Coelogyne habe ich vor vielen Jahren mal als vermeintlich neue Art erhalten. Es hat sich aber herausgestellt, es ist die Art Coelogyne vanoverberghii. Sie wurde 1915 von Ames f\u00fcr den belgischen Missionar und Pflanzensammler Vanoverbergh beschrieben. Die Pflanze w\u00e4chst epiphytisch auf der Insel Luzon (Philippinen) in H\u00f6hen von 1700m. Bei mir wird sie im &hellip; <\/p>\n<p class=\"link-more\"><a href=\"https:\/\/orchideen-journal.de\/?p=2479\" class=\"more-link\"><span class=\"screen-reader-text\">\u201eCoelogyne vanoverberghii\u201c<\/span> weiterlesen<\/a><\/p>\n","protected":false},"author":3,"featured_media":0,"comment_status":"open","ping_status":"open","sticky":false,"template":"","format":"standard","meta":{"footnotes":""},"categories":[1],"tags":[],"_links":{"self":[{"href":"https:\/\/orchideen-journal.de\/index.php?rest_route=\/wp\/v2\/posts\/2479"}],"collection":[{"href":"https:\/\/orchideen-journal.de\/index.php?rest_route=\/wp\/v2\/posts"}],"about":[{"href":"https:\/\/orchideen-journal.de\/index.php?rest_route=\/wp\/v2\/types\/post"}],"author":[{"embeddable":true,"href":"https:\/\/orchideen-journal.de\/index.php?rest_route=\/wp\/v2\/users\/3"}],"replies":[{"embeddable":true,"href":"https:\/\/orchideen-journal.de\/index.php?rest_route=%2Fwp%2Fv2%2Fcomments&post=2479"}],"version-history":[{"count":2,"href":"https:\/\/orchideen-journal.de\/index.php?rest_route=\/wp\/v2\/posts\/2479\/revisions"}],"predecessor-version":[{"id":2501,"href":"https:\/\/orchideen-journal.de\/index.php?rest_route=\/wp\/v2\/posts\/2479\/revisions\/2501"}],"wp:attachment":[{"href":"https:\/\/orchideen-journal.de\/index.php?rest_route=%2Fwp%2Fv2%2Fmedia&parent=2479"}],"wp:term":[{"taxonomy":"category","embeddable":true,"href":"https:\/\/orchideen-journal.de\/index.php?rest_route=%2Fwp%2Fv2%2Fcategories&post=2479"},{"taxonomy":"post_tag","embeddable":true,"href":"https:\/\/orchideen-journal.de\/index.php?rest_route=%2Fwp%2Fv2%2Ftags&post=2479"}],"curies":[{"name":"wp","href":"https:\/\/api.w.org\/{rel}","templated":true}]}}