{"id":2324,"date":"2023-12-10T10:00:58","date_gmt":"2023-12-10T10:00:58","guid":{"rendered":"http:\/\/blog.orchideen-journal.de\/?p=2324"},"modified":"2023-12-10T10:01:38","modified_gmt":"2023-12-10T10:01:38","slug":"adventsorchideen","status":"publish","type":"post","link":"https:\/\/orchideen-journal.de\/?p=2324","title":{"rendered":"Orchideen im Advent"},"content":{"rendered":"<p>Der merkw\u00fcrdige Sommer und das gef\u00fchlt monatelange Regnen im Herbst haben die Orchideen v\u00f6llig aus dem Rhytmus gebracht, so bl\u00fchen jetzt Pflanzen, die ich mit ihrer Bl\u00fcte eher ins zeitigen Fr\u00fchjahr verortet h\u00e4tte. Habe jetzt seit gestern meine rot\/blaue Zusatzbeleuchtung angeschaltet damit nicht noch mehr Orchideen ihre Bl\u00fctenans\u00e4tze wegen Lichtmangels verlieren.<\/p>\n<figure id=\"attachment_1955\" aria-describedby=\"caption-attachment-1955\" style=\"width: 827px\" class=\"wp-caption aligncenter\"><a href=\"http:\/\/blog.orchideen-journal.de\/wp-content\/uploads\/2022\/04\/18-Kopie.jpg\"><img loading=\"lazy\" decoding=\"async\" class=\"size-full wp-image-1955\" src=\"http:\/\/blog.orchideen-journal.de\/wp-content\/uploads\/2022\/04\/18-Kopie.jpg\" alt=\"\" width=\"827\" height=\"620\" srcset=\"https:\/\/orchideen-journal.de\/wp-content\/uploads\/2022\/04\/18-Kopie.jpg 827w, https:\/\/orchideen-journal.de\/wp-content\/uploads\/2022\/04\/18-Kopie-300x225.jpg 300w, https:\/\/orchideen-journal.de\/wp-content\/uploads\/2022\/04\/18-Kopie-768x576.jpg 768w\" sizes=\"(max-width: 767px) 89vw, (max-width: 1000px) 54vw, (max-width: 1071px) 543px, 580px\" \/><\/a><figcaption id=\"caption-attachment-1955\" class=\"wp-caption-text\">Dendrobium pernticei<\/figcaption><\/figure>\n<figure id=\"attachment_969\" aria-describedby=\"caption-attachment-969\" style=\"width: 660px\" class=\"wp-caption aligncenter\"><a href=\"http:\/\/blog.orchideen-journal.de\/wp-content\/uploads\/2017\/11\/IMG_8535.jpg\"><img loading=\"lazy\" decoding=\"async\" class=\"size-large wp-image-969\" src=\"http:\/\/blog.orchideen-journal.de\/wp-content\/uploads\/2017\/11\/IMG_8535-1024x683.jpg\" alt=\"\" width=\"660\" height=\"440\" srcset=\"https:\/\/orchideen-journal.de\/wp-content\/uploads\/2017\/11\/IMG_8535-1024x683.jpg 1024w, https:\/\/orchideen-journal.de\/wp-content\/uploads\/2017\/11\/IMG_8535-300x200.jpg 300w, https:\/\/orchideen-journal.de\/wp-content\/uploads\/2017\/11\/IMG_8535-768x512.jpg 768w\" sizes=\"(max-width: 660px) 100vw, 660px\" \/><\/a><figcaption id=\"caption-attachment-969\" class=\"wp-caption-text\">Cattleya coccinea<\/figcaption><\/figure>\n<p><a href=\"http:\/\/blog.orchideen-journal.de\/wp-content\/uploads\/2022\/11\/IMG_6789.jpg\"><img loading=\"lazy\" decoding=\"async\" class=\"aligncenter size-large wp-image-2071\" src=\"http:\/\/blog.orchideen-journal.de\/wp-content\/uploads\/2022\/11\/IMG_6789-1024x683.jpg\" alt=\"\" width=\"660\" height=\"440\" srcset=\"https:\/\/orchideen-journal.de\/wp-content\/uploads\/2022\/11\/IMG_6789-1024x683.jpg 1024w, https:\/\/orchideen-journal.de\/wp-content\/uploads\/2022\/11\/IMG_6789-300x200.jpg 300w, https:\/\/orchideen-journal.de\/wp-content\/uploads\/2022\/11\/IMG_6789-768x512.jpg 768w, https:\/\/orchideen-journal.de\/wp-content\/uploads\/2022\/11\/IMG_6789.jpg 1134w\" sizes=\"(max-width: 660px) 100vw, 660px\" \/><\/a>Maxillaria sophronitis<\/p>\n","protected":false},"excerpt":{"rendered":"<p>Der merkw\u00fcrdige Sommer und das gef\u00fchlt monatelange Regnen im Herbst haben die Orchideen v\u00f6llig aus dem Rhytmus gebracht, so bl\u00fchen jetzt Pflanzen, die ich mit ihrer Bl\u00fcte eher ins zeitigen Fr\u00fchjahr verortet h\u00e4tte. Habe jetzt seit gestern meine rot\/blaue Zusatzbeleuchtung angeschaltet damit nicht noch mehr Orchideen ihre Bl\u00fctenans\u00e4tze wegen Lichtmangels verlieren. Maxillaria sophronitis<\/p>\n","protected":false},"author":3,"featured_media":0,"comment_status":"open","ping_status":"open","sticky":false,"template":"","format":"standard","meta":{"footnotes":""},"categories":[1],"tags":[],"_links":{"self":[{"href":"https:\/\/orchideen-journal.de\/index.php?rest_route=\/wp\/v2\/posts\/2324"}],"collection":[{"href":"https:\/\/orchideen-journal.de\/index.php?rest_route=\/wp\/v2\/posts"}],"about":[{"href":"https:\/\/orchideen-journal.de\/index.php?rest_route=\/wp\/v2\/types\/post"}],"author":[{"embeddable":true,"href":"https:\/\/orchideen-journal.de\/index.php?rest_route=\/wp\/v2\/users\/3"}],"replies":[{"embeddable":true,"href":"https:\/\/orchideen-journal.de\/index.php?rest_route=%2Fwp%2Fv2%2Fcomments&post=2324"}],"version-history":[{"count":2,"href":"https:\/\/orchideen-journal.de\/index.php?rest_route=\/wp\/v2\/posts\/2324\/revisions"}],"predecessor-version":[{"id":2326,"href":"https:\/\/orchideen-journal.de\/index.php?rest_route=\/wp\/v2\/posts\/2324\/revisions\/2326"}],"wp:attachment":[{"href":"https:\/\/orchideen-journal.de\/index.php?rest_route=%2Fwp%2Fv2%2Fmedia&parent=2324"}],"wp:term":[{"taxonomy":"category","embeddable":true,"href":"https:\/\/orchideen-journal.de\/index.php?rest_route=%2Fwp%2Fv2%2Fcategories&post=2324"},{"taxonomy":"post_tag","embeddable":true,"href":"https:\/\/orchideen-journal.de\/index.php?rest_route=%2Fwp%2Fv2%2Ftags&post=2324"}],"curies":[{"name":"wp","href":"https:\/\/api.w.org\/{rel}","templated":true}]}}