{"id":2319,"date":"2023-11-29T09:47:51","date_gmt":"2023-11-29T09:47:51","guid":{"rendered":"http:\/\/blog.orchideen-journal.de\/?p=2319"},"modified":"2023-11-29T09:47:51","modified_gmt":"2023-11-29T09:47:51","slug":"es-ist-zu-dunkel","status":"publish","type":"post","link":"https:\/\/orchideen-journal.de\/?p=2319","title":{"rendered":"Es ist zu dunkel"},"content":{"rendered":"<p>Im Moment habe ich durch Schneefall und durch tr\u00fcbes Wetter fehlendes Licht das Problem, dass meine Orchideen in Zeitlupe wachsen. Trotzdem gibt es Bl\u00fcten falls sie nicht gelb und taub werden und abfallen. Dendrobium fimbriatum var. oculatum bl\u00fcht jetzt schon zum 4. oder 5. Mal dieses Jahr. Dendrobium catenatum ist dieses Jahr fr\u00fcher. Die Myocanthus Pflanze hat einen neuen Standort, deshalb eventuell jetzt Bl\u00fcten.<\/p>\n<p><a href=\"http:\/\/blog.orchideen-journal.de\/wp-content\/uploads\/2022\/01\/37d-Kopie.jpg\"><\/a><\/p>\n<figure id=\"attachment_1187\" aria-describedby=\"caption-attachment-1187\" style=\"width: 660px\" class=\"wp-caption aligncenter\"><a href=\"http:\/\/blog.orchideen-journal.de\/wp-content\/uploads\/2019\/01\/IMG_9756.jpg\"><img loading=\"lazy\" decoding=\"async\" class=\"size-large wp-image-1187\" src=\"http:\/\/blog.orchideen-journal.de\/wp-content\/uploads\/2019\/01\/IMG_9756-683x1024.jpg\" alt=\"\" width=\"660\" height=\"990\" srcset=\"https:\/\/orchideen-journal.de\/wp-content\/uploads\/2019\/01\/IMG_9756-683x1024.jpg 683w, https:\/\/orchideen-journal.de\/wp-content\/uploads\/2019\/01\/IMG_9756-200x300.jpg 200w, https:\/\/orchideen-journal.de\/wp-content\/uploads\/2019\/01\/IMG_9756-768x1152.jpg 768w, https:\/\/orchideen-journal.de\/wp-content\/uploads\/2019\/01\/IMG_9756.jpg 1134w\" sizes=\"(max-width: 660px) 100vw, 660px\" \/><\/a><figcaption id=\"caption-attachment-1187\" class=\"wp-caption-text\">Myoxanthus serripetalus<\/figcaption><\/figure>\n<figure id=\"attachment_1928\" aria-describedby=\"caption-attachment-1928\" style=\"width: 660px\" class=\"wp-caption aligncenter\"><a href=\"http:\/\/blog.orchideen-journal.de\/wp-content\/uploads\/2022\/03\/IMG_6654.jpg\"><img loading=\"lazy\" decoding=\"async\" class=\"size-large wp-image-1928\" src=\"http:\/\/blog.orchideen-journal.de\/wp-content\/uploads\/2022\/03\/IMG_6654-1024x683.jpg\" alt=\"\" width=\"660\" height=\"440\" srcset=\"https:\/\/orchideen-journal.de\/wp-content\/uploads\/2022\/03\/IMG_6654-1024x683.jpg 1024w, https:\/\/orchideen-journal.de\/wp-content\/uploads\/2022\/03\/IMG_6654-300x200.jpg 300w, https:\/\/orchideen-journal.de\/wp-content\/uploads\/2022\/03\/IMG_6654-768x512.jpg 768w, https:\/\/orchideen-journal.de\/wp-content\/uploads\/2022\/03\/IMG_6654.jpg 1134w\" sizes=\"(max-width: 660px) 100vw, 660px\" \/><\/a><figcaption id=\"caption-attachment-1928\" class=\"wp-caption-text\">Dendrobium catenatum<\/figcaption><\/figure>\n<p><a href=\"http:\/\/blog.orchideen-journal.de\/wp-content\/uploads\/2022\/01\/37d-Kopie.jpg\"><img loading=\"lazy\" decoding=\"async\" class=\"aligncenter size-large wp-image-1874\" src=\"http:\/\/blog.orchideen-journal.de\/wp-content\/uploads\/2022\/01\/37d-Kopie-1024x683.jpg\" alt=\"\" width=\"660\" height=\"440\" srcset=\"https:\/\/orchideen-journal.de\/wp-content\/uploads\/2022\/01\/37d-Kopie-1024x683.jpg 1024w, https:\/\/orchideen-journal.de\/wp-content\/uploads\/2022\/01\/37d-Kopie-300x200.jpg 300w, https:\/\/orchideen-journal.de\/wp-content\/uploads\/2022\/01\/37d-Kopie-768x512.jpg 768w, https:\/\/orchideen-journal.de\/wp-content\/uploads\/2022\/01\/37d-Kopie.jpg 1134w\" sizes=\"(max-width: 660px) 100vw, 660px\" \/><\/a><\/p>\n","protected":false},"excerpt":{"rendered":"<p>Im Moment habe ich durch Schneefall und durch tr\u00fcbes Wetter fehlendes Licht das Problem, dass meine Orchideen in Zeitlupe wachsen. Trotzdem gibt es Bl\u00fcten falls sie nicht gelb und taub werden und abfallen. Dendrobium fimbriatum var. oculatum bl\u00fcht jetzt schon zum 4. oder 5. Mal dieses Jahr. Dendrobium catenatum ist dieses Jahr fr\u00fcher. Die Myocanthus &hellip; <\/p>\n<p class=\"link-more\"><a href=\"https:\/\/orchideen-journal.de\/?p=2319\" class=\"more-link\"><span class=\"screen-reader-text\">\u201eEs ist zu dunkel\u201c<\/span> weiterlesen<\/a><\/p>\n","protected":false},"author":3,"featured_media":0,"comment_status":"open","ping_status":"open","sticky":false,"template":"","format":"standard","meta":{"footnotes":""},"categories":[1],"tags":[],"_links":{"self":[{"href":"https:\/\/orchideen-journal.de\/index.php?rest_route=\/wp\/v2\/posts\/2319"}],"collection":[{"href":"https:\/\/orchideen-journal.de\/index.php?rest_route=\/wp\/v2\/posts"}],"about":[{"href":"https:\/\/orchideen-journal.de\/index.php?rest_route=\/wp\/v2\/types\/post"}],"author":[{"embeddable":true,"href":"https:\/\/orchideen-journal.de\/index.php?rest_route=\/wp\/v2\/users\/3"}],"replies":[{"embeddable":true,"href":"https:\/\/orchideen-journal.de\/index.php?rest_route=%2Fwp%2Fv2%2Fcomments&post=2319"}],"version-history":[{"count":1,"href":"https:\/\/orchideen-journal.de\/index.php?rest_route=\/wp\/v2\/posts\/2319\/revisions"}],"predecessor-version":[{"id":2320,"href":"https:\/\/orchideen-journal.de\/index.php?rest_route=\/wp\/v2\/posts\/2319\/revisions\/2320"}],"wp:attachment":[{"href":"https:\/\/orchideen-journal.de\/index.php?rest_route=%2Fwp%2Fv2%2Fmedia&parent=2319"}],"wp:term":[{"taxonomy":"category","embeddable":true,"href":"https:\/\/orchideen-journal.de\/index.php?rest_route=%2Fwp%2Fv2%2Fcategories&post=2319"},{"taxonomy":"post_tag","embeddable":true,"href":"https:\/\/orchideen-journal.de\/index.php?rest_route=%2Fwp%2Fv2%2Ftags&post=2319"}],"curies":[{"name":"wp","href":"https:\/\/api.w.org\/{rel}","templated":true}]}}