{"id":2186,"date":"2023-06-19T13:45:21","date_gmt":"2023-06-19T13:45:21","guid":{"rendered":"http:\/\/blog.orchideen-journal.de\/?p=2186"},"modified":"2023-06-19T13:45:21","modified_gmt":"2023-06-19T13:45:21","slug":"es-waechst-nicht","status":"publish","type":"post","link":"https:\/\/orchideen-journal.de\/?p=2186","title":{"rendered":"Es w\u00e4chst nicht"},"content":{"rendered":"<p>P\u00fcnktlich zu den immer l\u00e4nger werdenden Tagen ist in meinen Kulturr\u00e4umen ein jedes Jahr wiederkehrendes Ph\u00e4nomen zu beobachten. Die Pflanzen wachsen nicht. Durch die stark angestiegenen Tagestemperaturen und die sehr kurze Nachphase sind die Orchideen mit K\u00fchlung in der Nacht und auch am Tag besch\u00e4ftigt. Eigentlich wachsen Orchideen eher in der Nacht, aber durch zu hohe Temperaturen ist die Stoffwechselaktivit\u00e4t trotz hoher Strahlung bez\u00fcglich des Substanzaufbaues nicht sehr hoch. Die Pflanzen samt Jungtrieben &#8220;stehen&#8221; sozusagen. Erst wenn es wieder etwas bedecktere Tage mit nicht so hohen Temperaturen gibt, wachsen sie weiter. Dazu ist ab n\u00e4chste Woche die Verl\u00e4ngerung der Nacht auch ein wesentlicher f\u00f6rdernder Faktor.<\/p>\n<p>Erfreulich ist das Wachstum und die Bl\u00fcte des gefleckten Knabenkrautes in einer ungem\u00e4hten Wiese. Allerdings habe ich die Pflanze regelm\u00e4\u00dfig gegossen.<\/p>\n<p><a href=\"http:\/\/blog.orchideen-journal.de\/wp-content\/uploads\/2021\/07\/IMG_6456.jpeg\"><img loading=\"lazy\" decoding=\"async\" class=\"aligncenter size-full wp-image-1697\" src=\"http:\/\/blog.orchideen-journal.de\/wp-content\/uploads\/2021\/07\/IMG_6456.jpeg\" alt=\"\" width=\"427\" height=\"640\" srcset=\"https:\/\/orchideen-journal.de\/wp-content\/uploads\/2021\/07\/IMG_6456.jpeg 427w, https:\/\/orchideen-journal.de\/wp-content\/uploads\/2021\/07\/IMG_6456-200x300.jpeg 200w\" sizes=\"(max-width: 427px) 100vw, 427px\" \/><\/a><\/p>\n","protected":false},"excerpt":{"rendered":"<p>P\u00fcnktlich zu den immer l\u00e4nger werdenden Tagen ist in meinen Kulturr\u00e4umen ein jedes Jahr wiederkehrendes Ph\u00e4nomen zu beobachten. Die Pflanzen wachsen nicht. Durch die stark angestiegenen Tagestemperaturen und die sehr kurze Nachphase sind die Orchideen mit K\u00fchlung in der Nacht und auch am Tag besch\u00e4ftigt. Eigentlich wachsen Orchideen eher in der Nacht, aber durch zu &hellip; <\/p>\n<p class=\"link-more\"><a href=\"https:\/\/orchideen-journal.de\/?p=2186\" class=\"more-link\"><span class=\"screen-reader-text\">\u201eEs w\u00e4chst nicht\u201c<\/span> weiterlesen<\/a><\/p>\n","protected":false},"author":3,"featured_media":0,"comment_status":"open","ping_status":"open","sticky":false,"template":"","format":"standard","meta":{"footnotes":""},"categories":[1],"tags":[],"_links":{"self":[{"href":"https:\/\/orchideen-journal.de\/index.php?rest_route=\/wp\/v2\/posts\/2186"}],"collection":[{"href":"https:\/\/orchideen-journal.de\/index.php?rest_route=\/wp\/v2\/posts"}],"about":[{"href":"https:\/\/orchideen-journal.de\/index.php?rest_route=\/wp\/v2\/types\/post"}],"author":[{"embeddable":true,"href":"https:\/\/orchideen-journal.de\/index.php?rest_route=\/wp\/v2\/users\/3"}],"replies":[{"embeddable":true,"href":"https:\/\/orchideen-journal.de\/index.php?rest_route=%2Fwp%2Fv2%2Fcomments&post=2186"}],"version-history":[{"count":1,"href":"https:\/\/orchideen-journal.de\/index.php?rest_route=\/wp\/v2\/posts\/2186\/revisions"}],"predecessor-version":[{"id":2187,"href":"https:\/\/orchideen-journal.de\/index.php?rest_route=\/wp\/v2\/posts\/2186\/revisions\/2187"}],"wp:attachment":[{"href":"https:\/\/orchideen-journal.de\/index.php?rest_route=%2Fwp%2Fv2%2Fmedia&parent=2186"}],"wp:term":[{"taxonomy":"category","embeddable":true,"href":"https:\/\/orchideen-journal.de\/index.php?rest_route=%2Fwp%2Fv2%2Fcategories&post=2186"},{"taxonomy":"post_tag","embeddable":true,"href":"https:\/\/orchideen-journal.de\/index.php?rest_route=%2Fwp%2Fv2%2Ftags&post=2186"}],"curies":[{"name":"wp","href":"https:\/\/api.w.org\/{rel}","templated":true}]}}