{"id":2081,"date":"2022-12-05T11:04:35","date_gmt":"2022-12-05T11:04:35","guid":{"rendered":"http:\/\/blog.orchideen-journal.de\/?p=2081"},"modified":"2022-12-05T11:04:35","modified_gmt":"2022-12-05T11:04:35","slug":"blueten-trotz-lichtmangel","status":"publish","type":"post","link":"https:\/\/orchideen-journal.de\/?p=2081","title":{"rendered":"Bl\u00fcten trotz Lichtmangel"},"content":{"rendered":"<p>Die Tage werden im Moment immer k\u00fcrzer, trotzdem bl\u00fchen einige Orchideen, wohl eher aus Versehen. Entspechend der zur Verf\u00fcgung stehenden Lichtmenge ist ihre Entwicklung bis zur offenen Bl\u00fcte sehr, sehr langsam. Man hat den Eindruck die Orchideen haben das Wachstum fast v\u00f6llig eingestellt.<\/p>\n<figure id=\"attachment_1806\" aria-describedby=\"caption-attachment-1806\" style=\"width: 660px\" class=\"wp-caption aligncenter\"><a href=\"http:\/\/blog.orchideen-journal.de\/wp-content\/uploads\/2021\/10\/IMG_6538.jpg\"><img loading=\"lazy\" decoding=\"async\" class=\"size-large wp-image-1806\" src=\"http:\/\/blog.orchideen-journal.de\/wp-content\/uploads\/2021\/10\/IMG_6538-1024x683.jpg\" alt=\"\" width=\"660\" height=\"440\" srcset=\"https:\/\/orchideen-journal.de\/wp-content\/uploads\/2021\/10\/IMG_6538-1024x683.jpg 1024w, https:\/\/orchideen-journal.de\/wp-content\/uploads\/2021\/10\/IMG_6538-300x200.jpg 300w, https:\/\/orchideen-journal.de\/wp-content\/uploads\/2021\/10\/IMG_6538-768x512.jpg 768w, https:\/\/orchideen-journal.de\/wp-content\/uploads\/2021\/10\/IMG_6538.jpg 1134w\" sizes=\"(max-width: 660px) 100vw, 660px\" \/><\/a><figcaption id=\"caption-attachment-1806\" class=\"wp-caption-text\">Coelogyne Wilhelm Micholitz<\/figcaption><\/figure>\n<figure id=\"attachment_1798\" aria-describedby=\"caption-attachment-1798\" style=\"width: 660px\" class=\"wp-caption aligncenter\"><a href=\"http:\/\/blog.orchideen-journal.de\/wp-content\/uploads\/2021\/10\/IMG_6502.jpg\"><img loading=\"lazy\" decoding=\"async\" class=\"size-large wp-image-1798\" src=\"http:\/\/blog.orchideen-journal.de\/wp-content\/uploads\/2021\/10\/IMG_6502-683x1024.jpg\" alt=\"\" width=\"660\" height=\"990\" srcset=\"https:\/\/orchideen-journal.de\/wp-content\/uploads\/2021\/10\/IMG_6502-683x1024.jpg 683w, https:\/\/orchideen-journal.de\/wp-content\/uploads\/2021\/10\/IMG_6502-200x300.jpg 200w, https:\/\/orchideen-journal.de\/wp-content\/uploads\/2021\/10\/IMG_6502-768x1152.jpg 768w, https:\/\/orchideen-journal.de\/wp-content\/uploads\/2021\/10\/IMG_6502.jpg 1134w\" sizes=\"(max-width: 660px) 100vw, 660px\" \/><\/a><figcaption id=\"caption-attachment-1798\" class=\"wp-caption-text\">Dendrobium intricatum<\/figcaption><\/figure>\n<figure id=\"attachment_1129\" aria-describedby=\"caption-attachment-1129\" style=\"width: 660px\" class=\"wp-caption aligncenter\"><a href=\"http:\/\/blog.orchideen-journal.de\/wp-content\/uploads\/2018\/08\/IMG_9879.jpg\"><img loading=\"lazy\" decoding=\"async\" class=\"size-large wp-image-1129\" src=\"http:\/\/blog.orchideen-journal.de\/wp-content\/uploads\/2018\/08\/IMG_9879-683x1024.jpg\" alt=\"\" width=\"660\" height=\"990\" srcset=\"https:\/\/orchideen-journal.de\/wp-content\/uploads\/2018\/08\/IMG_9879-683x1024.jpg 683w, https:\/\/orchideen-journal.de\/wp-content\/uploads\/2018\/08\/IMG_9879-200x300.jpg 200w, https:\/\/orchideen-journal.de\/wp-content\/uploads\/2018\/08\/IMG_9879-768x1152.jpg 768w, https:\/\/orchideen-journal.de\/wp-content\/uploads\/2018\/08\/IMG_9879.jpg 1701w\" sizes=\"(max-width: 660px) 100vw, 660px\" \/><\/a><figcaption id=\"caption-attachment-1129\" class=\"wp-caption-text\">Zygopetalum Artur Elle<\/figcaption><\/figure>\n","protected":false},"excerpt":{"rendered":"<p>Die Tage werden im Moment immer k\u00fcrzer, trotzdem bl\u00fchen einige Orchideen, wohl eher aus Versehen. Entspechend der zur Verf\u00fcgung stehenden Lichtmenge ist ihre Entwicklung bis zur offenen Bl\u00fcte sehr, sehr langsam. Man hat den Eindruck die Orchideen haben das Wachstum fast v\u00f6llig eingestellt.<\/p>\n","protected":false},"author":3,"featured_media":0,"comment_status":"open","ping_status":"open","sticky":false,"template":"","format":"standard","meta":{"footnotes":""},"categories":[1],"tags":[],"_links":{"self":[{"href":"https:\/\/orchideen-journal.de\/index.php?rest_route=\/wp\/v2\/posts\/2081"}],"collection":[{"href":"https:\/\/orchideen-journal.de\/index.php?rest_route=\/wp\/v2\/posts"}],"about":[{"href":"https:\/\/orchideen-journal.de\/index.php?rest_route=\/wp\/v2\/types\/post"}],"author":[{"embeddable":true,"href":"https:\/\/orchideen-journal.de\/index.php?rest_route=\/wp\/v2\/users\/3"}],"replies":[{"embeddable":true,"href":"https:\/\/orchideen-journal.de\/index.php?rest_route=%2Fwp%2Fv2%2Fcomments&post=2081"}],"version-history":[{"count":1,"href":"https:\/\/orchideen-journal.de\/index.php?rest_route=\/wp\/v2\/posts\/2081\/revisions"}],"predecessor-version":[{"id":2082,"href":"https:\/\/orchideen-journal.de\/index.php?rest_route=\/wp\/v2\/posts\/2081\/revisions\/2082"}],"wp:attachment":[{"href":"https:\/\/orchideen-journal.de\/index.php?rest_route=%2Fwp%2Fv2%2Fmedia&parent=2081"}],"wp:term":[{"taxonomy":"category","embeddable":true,"href":"https:\/\/orchideen-journal.de\/index.php?rest_route=%2Fwp%2Fv2%2Fcategories&post=2081"},{"taxonomy":"post_tag","embeddable":true,"href":"https:\/\/orchideen-journal.de\/index.php?rest_route=%2Fwp%2Fv2%2Ftags&post=2081"}],"curies":[{"name":"wp","href":"https:\/\/api.w.org\/{rel}","templated":true}]}}