{"id":1990,"date":"2022-06-03T09:14:26","date_gmt":"2022-06-03T09:14:26","guid":{"rendered":"http:\/\/blog.orchideen-journal.de\/?p=1990"},"modified":"2022-06-03T09:15:17","modified_gmt":"2022-06-03T09:15:17","slug":"neue-blueten-2","status":"publish","type":"post","link":"https:\/\/orchideen-journal.de\/?p=1990","title":{"rendered":"Neue Bl\u00fcten"},"content":{"rendered":"<p>Alle Jahre wieder freut es mich, wenn Orchideen regelm\u00e4\u00dfig bl\u00fchen. Es ist ein bisschen so wie alte Freunde wiedertreffen.<\/p>\n<p><a href=\"http:\/\/blog.orchideen-journal.de\/wp-content\/uploads\/2021\/06\/29b-Kopie.jpg\"><img loading=\"lazy\" decoding=\"async\" class=\"aligncenter size-large wp-image-1691\" src=\"http:\/\/blog.orchideen-journal.de\/wp-content\/uploads\/2021\/06\/29b-Kopie-1024x683.jpg\" alt=\"\" width=\"660\" height=\"440\" srcset=\"https:\/\/orchideen-journal.de\/wp-content\/uploads\/2021\/06\/29b-Kopie-1024x683.jpg 1024w, https:\/\/orchideen-journal.de\/wp-content\/uploads\/2021\/06\/29b-Kopie-300x200.jpg 300w, https:\/\/orchideen-journal.de\/wp-content\/uploads\/2021\/06\/29b-Kopie-768x512.jpg 768w, https:\/\/orchideen-journal.de\/wp-content\/uploads\/2021\/06\/29b-Kopie.jpg 1417w\" sizes=\"(max-width: 660px) 100vw, 660px\" \/><\/a><\/p>\n<p>Eine Orchidee die besonders kontrastreich ist, ist Laelia tenebrosa, ich habe diese Pflanze schon l\u00e4nger. Sie w\u00e4chst nicht optimal, aber bl\u00fcht jedes Jahr. Sie wird sehr hell kultiviert und m\u00f6glichst warm.<\/p>\n<figure id=\"attachment_487\" aria-describedby=\"caption-attachment-487\" style=\"width: 660px\" class=\"wp-caption aligncenter\"><a href=\"http:\/\/blog.orchideen-journal.de\/wp-content\/uploads\/2016\/05\/IMG_6010.jpg\"><img loading=\"lazy\" decoding=\"async\" class=\"size-large wp-image-487\" src=\"http:\/\/blog.orchideen-journal.de\/wp-content\/uploads\/2016\/05\/IMG_6010-683x1024.jpg\" alt=\"\" width=\"660\" height=\"990\" srcset=\"https:\/\/orchideen-journal.de\/wp-content\/uploads\/2016\/05\/IMG_6010-683x1024.jpg 683w, https:\/\/orchideen-journal.de\/wp-content\/uploads\/2016\/05\/IMG_6010-200x300.jpg 200w, https:\/\/orchideen-journal.de\/wp-content\/uploads\/2016\/05\/IMG_6010-768x1152.jpg 768w\" sizes=\"(max-width: 660px) 100vw, 660px\" \/><\/a><figcaption id=\"caption-attachment-487\" class=\"wp-caption-text\">Coelogyne parishii<\/figcaption><\/figure>\n<p>Die zweite Pflanze ist eine Coelogyne mit schwarz-gr\u00fcnen Bl\u00fcten. Auch sie ist im First vom temperierten Abteil aufgeh\u00e4ngt. Sie wird im Topf kultiviert und hat schon einmal eine Silberpr\u00e4mierung bei der DOG gewonnen.<\/p>\n<p>&nbsp;<\/p>\n<p>&nbsp;<\/p>\n","protected":false},"excerpt":{"rendered":"<p>Alle Jahre wieder freut es mich, wenn Orchideen regelm\u00e4\u00dfig bl\u00fchen. Es ist ein bisschen so wie alte Freunde wiedertreffen. Eine Orchidee die besonders kontrastreich ist, ist Laelia tenebrosa, ich habe diese Pflanze schon l\u00e4nger. Sie w\u00e4chst nicht optimal, aber bl\u00fcht jedes Jahr. Sie wird sehr hell kultiviert und m\u00f6glichst warm. Die zweite Pflanze ist eine &hellip; <\/p>\n<p class=\"link-more\"><a href=\"https:\/\/orchideen-journal.de\/?p=1990\" class=\"more-link\"><span class=\"screen-reader-text\">\u201eNeue Bl\u00fcten\u201c<\/span> weiterlesen<\/a><\/p>\n","protected":false},"author":3,"featured_media":0,"comment_status":"open","ping_status":"open","sticky":false,"template":"","format":"standard","meta":{"footnotes":""},"categories":[1],"tags":[],"_links":{"self":[{"href":"https:\/\/orchideen-journal.de\/index.php?rest_route=\/wp\/v2\/posts\/1990"}],"collection":[{"href":"https:\/\/orchideen-journal.de\/index.php?rest_route=\/wp\/v2\/posts"}],"about":[{"href":"https:\/\/orchideen-journal.de\/index.php?rest_route=\/wp\/v2\/types\/post"}],"author":[{"embeddable":true,"href":"https:\/\/orchideen-journal.de\/index.php?rest_route=\/wp\/v2\/users\/3"}],"replies":[{"embeddable":true,"href":"https:\/\/orchideen-journal.de\/index.php?rest_route=%2Fwp%2Fv2%2Fcomments&post=1990"}],"version-history":[{"count":1,"href":"https:\/\/orchideen-journal.de\/index.php?rest_route=\/wp\/v2\/posts\/1990\/revisions"}],"predecessor-version":[{"id":1991,"href":"https:\/\/orchideen-journal.de\/index.php?rest_route=\/wp\/v2\/posts\/1990\/revisions\/1991"}],"wp:attachment":[{"href":"https:\/\/orchideen-journal.de\/index.php?rest_route=%2Fwp%2Fv2%2Fmedia&parent=1990"}],"wp:term":[{"taxonomy":"category","embeddable":true,"href":"https:\/\/orchideen-journal.de\/index.php?rest_route=%2Fwp%2Fv2%2Fcategories&post=1990"},{"taxonomy":"post_tag","embeddable":true,"href":"https:\/\/orchideen-journal.de\/index.php?rest_route=%2Fwp%2Fv2%2Ftags&post=1990"}],"curies":[{"name":"wp","href":"https:\/\/api.w.org\/{rel}","templated":true}]}}