{"id":1950,"date":"2022-04-08T16:06:26","date_gmt":"2022-04-08T16:06:26","guid":{"rendered":"http:\/\/blog.orchideen-journal.de\/?p=1950"},"modified":"2022-04-08T16:06:26","modified_gmt":"2022-04-08T16:06:26","slug":"dendrobium-victoria-reginae-jetzt","status":"publish","type":"post","link":"https:\/\/orchideen-journal.de\/?p=1950","title":{"rendered":"Dendrobium victoria-reginae jetzt?"},"content":{"rendered":"<p>Ungew\u00f6hnlicherweise bl\u00fcht diese Orchidee jetzt, sie stammt von den Philipinnen und ist eine der wenigen Orchideen mit der Bl\u00fctenfarbe blau, je nach Pflanze sogar ziemlich tiefblau. Das kann aber auch vom Licht abh\u00e4ngen, im Sommer sind die Bl\u00fcten heller. Kultur eigentlich einfach, aber bei mir offenbar nicht, eventuell war es zu kalt. Jetzt versuche ich die lebenden Triebe abzumoosen. Dabei wird die Basis der noch lbenden Triebe mit Moos eingepackt in der Hoffnung Wurzeln zu erzeugen. Mal sehen ob es klappt. Denn an warmen Tagen ist das Moos schnell trocken.<\/p>\n<p><a href=\"http:\/\/blog.orchideen-journal.de\/wp-content\/uploads\/2022\/04\/70a-Kopie.jpg\"><img loading=\"lazy\" decoding=\"async\" class=\"aligncenter size-large wp-image-1951\" src=\"http:\/\/blog.orchideen-journal.de\/wp-content\/uploads\/2022\/04\/70a-Kopie-1024x768.jpg\" alt=\"\" width=\"660\" height=\"495\" srcset=\"https:\/\/orchideen-journal.de\/wp-content\/uploads\/2022\/04\/70a-Kopie-1024x768.jpg 1024w, https:\/\/orchideen-journal.de\/wp-content\/uploads\/2022\/04\/70a-Kopie-300x225.jpg 300w, https:\/\/orchideen-journal.de\/wp-content\/uploads\/2022\/04\/70a-Kopie-768x576.jpg 768w\" sizes=\"(max-width: 660px) 100vw, 660px\" \/><\/a><\/p>\n<p>&nbsp;<\/p>\n","protected":false},"excerpt":{"rendered":"<p>Ungew\u00f6hnlicherweise bl\u00fcht diese Orchidee jetzt, sie stammt von den Philipinnen und ist eine der wenigen Orchideen mit der Bl\u00fctenfarbe blau, je nach Pflanze sogar ziemlich tiefblau. Das kann aber auch vom Licht abh\u00e4ngen, im Sommer sind die Bl\u00fcten heller. Kultur eigentlich einfach, aber bei mir offenbar nicht, eventuell war es zu kalt. Jetzt versuche ich &hellip; <\/p>\n<p class=\"link-more\"><a href=\"https:\/\/orchideen-journal.de\/?p=1950\" class=\"more-link\"><span class=\"screen-reader-text\">\u201eDendrobium victoria-reginae jetzt?\u201c<\/span> weiterlesen<\/a><\/p>\n","protected":false},"author":3,"featured_media":0,"comment_status":"open","ping_status":"open","sticky":false,"template":"","format":"standard","meta":{"footnotes":""},"categories":[1],"tags":[],"_links":{"self":[{"href":"https:\/\/orchideen-journal.de\/index.php?rest_route=\/wp\/v2\/posts\/1950"}],"collection":[{"href":"https:\/\/orchideen-journal.de\/index.php?rest_route=\/wp\/v2\/posts"}],"about":[{"href":"https:\/\/orchideen-journal.de\/index.php?rest_route=\/wp\/v2\/types\/post"}],"author":[{"embeddable":true,"href":"https:\/\/orchideen-journal.de\/index.php?rest_route=\/wp\/v2\/users\/3"}],"replies":[{"embeddable":true,"href":"https:\/\/orchideen-journal.de\/index.php?rest_route=%2Fwp%2Fv2%2Fcomments&post=1950"}],"version-history":[{"count":1,"href":"https:\/\/orchideen-journal.de\/index.php?rest_route=\/wp\/v2\/posts\/1950\/revisions"}],"predecessor-version":[{"id":1952,"href":"https:\/\/orchideen-journal.de\/index.php?rest_route=\/wp\/v2\/posts\/1950\/revisions\/1952"}],"wp:attachment":[{"href":"https:\/\/orchideen-journal.de\/index.php?rest_route=%2Fwp%2Fv2%2Fmedia&parent=1950"}],"wp:term":[{"taxonomy":"category","embeddable":true,"href":"https:\/\/orchideen-journal.de\/index.php?rest_route=%2Fwp%2Fv2%2Fcategories&post=1950"},{"taxonomy":"post_tag","embeddable":true,"href":"https:\/\/orchideen-journal.de\/index.php?rest_route=%2Fwp%2Fv2%2Ftags&post=1950"}],"curies":[{"name":"wp","href":"https:\/\/api.w.org\/{rel}","templated":true}]}}