{"id":1880,"date":"2022-01-14T21:39:53","date_gmt":"2022-01-14T21:39:53","guid":{"rendered":"http:\/\/blog.orchideen-journal.de\/?p=1880"},"modified":"2022-01-14T21:39:53","modified_gmt":"2022-01-14T21:39:53","slug":"neue-blueten","status":"publish","type":"post","link":"https:\/\/orchideen-journal.de\/?p=1880","title":{"rendered":"Neue Bl\u00fcten"},"content":{"rendered":"<p>Durch jetzt schon langsam wieder gr\u00f6\u00dfere Lichtmengen kommen weitere Orchideen zur Bl\u00fcte. Sch\u00f6n wenn Orchideen jedes Jahr bl\u00fchen.<\/p>\n<figure id=\"attachment_370\" aria-describedby=\"caption-attachment-370\" style=\"width: 660px\" class=\"wp-caption aligncenter\"><a href=\"http:\/\/blog.orchideen-journal.de\/wp-content\/uploads\/2016\/02\/IMG_8627.jpg\"><img loading=\"lazy\" decoding=\"async\" class=\"size-large wp-image-370\" src=\"http:\/\/blog.orchideen-journal.de\/wp-content\/uploads\/2016\/02\/IMG_8627-1024x683.jpg\" alt=\"\" width=\"660\" height=\"440\" srcset=\"https:\/\/orchideen-journal.de\/wp-content\/uploads\/2016\/02\/IMG_8627-1024x683.jpg 1024w, https:\/\/orchideen-journal.de\/wp-content\/uploads\/2016\/02\/IMG_8627-300x200.jpg 300w\" sizes=\"(max-width: 660px) 100vw, 660px\" \/><\/a><figcaption id=\"caption-attachment-370\" class=\"wp-caption-text\">Bulbophyllum Ann &#8220;Buckleberry &#8220;<\/figcaption><\/figure>\n<figure id=\"attachment_307\" aria-describedby=\"caption-attachment-307\" style=\"width: 660px\" class=\"wp-caption aligncenter\"><a href=\"http:\/\/blog.orchideen-journal.de\/wp-content\/uploads\/2016\/01\/IMG_5149.jpg\"><img loading=\"lazy\" decoding=\"async\" class=\"size-large wp-image-307\" src=\"http:\/\/blog.orchideen-journal.de\/wp-content\/uploads\/2016\/01\/IMG_5149-683x1024.jpg\" alt=\"\" width=\"660\" height=\"990\" srcset=\"https:\/\/orchideen-journal.de\/wp-content\/uploads\/2016\/01\/IMG_5149-683x1024.jpg 683w, https:\/\/orchideen-journal.de\/wp-content\/uploads\/2016\/01\/IMG_5149-200x300.jpg 200w\" sizes=\"(max-width: 660px) 100vw, 660px\" \/><\/a><figcaption id=\"caption-attachment-307\" class=\"wp-caption-text\">Campanulorchis globilifera<\/figcaption><\/figure>\n<figure id=\"attachment_1335\" aria-describedby=\"caption-attachment-1335\" style=\"width: 660px\" class=\"wp-caption aligncenter\"><a href=\"http:\/\/blog.orchideen-journal.de\/wp-content\/uploads\/2019\/10\/IMG_9848.jpg\"><img loading=\"lazy\" decoding=\"async\" class=\"size-large wp-image-1335\" src=\"http:\/\/blog.orchideen-journal.de\/wp-content\/uploads\/2019\/10\/IMG_9848-1024x683.jpg\" alt=\"\" width=\"660\" height=\"440\" srcset=\"https:\/\/orchideen-journal.de\/wp-content\/uploads\/2019\/10\/IMG_9848-1024x683.jpg 1024w, https:\/\/orchideen-journal.de\/wp-content\/uploads\/2019\/10\/IMG_9848-300x200.jpg 300w, https:\/\/orchideen-journal.de\/wp-content\/uploads\/2019\/10\/IMG_9848-768x512.jpg 768w, https:\/\/orchideen-journal.de\/wp-content\/uploads\/2019\/10\/IMG_9848.jpg 1417w\" sizes=\"(max-width: 660px) 100vw, 660px\" \/><\/a><figcaption id=\"caption-attachment-1335\" class=\"wp-caption-text\">Dendrobium cuneilabrum<\/figcaption><\/figure>\n<figure id=\"attachment_758\" aria-describedby=\"caption-attachment-758\" style=\"width: 1000px\" class=\"wp-caption aligncenter\"><a href=\"http:\/\/blog.orchideen-journal.de\/wp-content\/uploads\/2017\/02\/IMG_6376.jpg\"><img loading=\"lazy\" decoding=\"async\" class=\"size-full wp-image-758\" src=\"http:\/\/blog.orchideen-journal.de\/wp-content\/uploads\/2017\/02\/IMG_6376.jpg\" alt=\"\" width=\"1000\" height=\"667\" srcset=\"https:\/\/orchideen-journal.de\/wp-content\/uploads\/2017\/02\/IMG_6376.jpg 1000w, https:\/\/orchideen-journal.de\/wp-content\/uploads\/2017\/02\/IMG_6376-300x200.jpg 300w, https:\/\/orchideen-journal.de\/wp-content\/uploads\/2017\/02\/IMG_6376-768x512.jpg 768w\" sizes=\"(max-width: 767px) 89vw, (max-width: 1000px) 54vw, (max-width: 1071px) 543px, 580px\" \/><\/a><figcaption id=\"caption-attachment-758\" class=\"wp-caption-text\">Einzelbl\u00fctenstandDendrochilum tennelum<\/figcaption><\/figure>\n<figure id=\"attachment_766\" aria-describedby=\"caption-attachment-766\" style=\"width: 660px\" class=\"wp-caption aligncenter\"><a href=\"http:\/\/blog.orchideen-journal.de\/wp-content\/uploads\/2017\/02\/IMG_6367.jpg\"><img loading=\"lazy\" decoding=\"async\" class=\"size-large wp-image-766\" src=\"http:\/\/blog.orchideen-journal.de\/wp-content\/uploads\/2017\/02\/IMG_6367-683x1024.jpg\" alt=\"\" width=\"660\" height=\"990\" srcset=\"https:\/\/orchideen-journal.de\/wp-content\/uploads\/2017\/02\/IMG_6367-683x1024.jpg 683w, https:\/\/orchideen-journal.de\/wp-content\/uploads\/2017\/02\/IMG_6367-200x300.jpg 200w, https:\/\/orchideen-journal.de\/wp-content\/uploads\/2017\/02\/IMG_6367-768x1152.jpg 768w, https:\/\/orchideen-journal.de\/wp-content\/uploads\/2017\/02\/IMG_6367.jpg 1000w\" sizes=\"(max-width: 660px) 100vw, 660px\" \/><\/a><figcaption id=\"caption-attachment-766\" class=\"wp-caption-text\">Bl\u00fcte von Pleurothallis nuda<\/figcaption><\/figure>\n","protected":false},"excerpt":{"rendered":"<p>Durch jetzt schon langsam wieder gr\u00f6\u00dfere Lichtmengen kommen weitere Orchideen zur Bl\u00fcte. Sch\u00f6n wenn Orchideen jedes Jahr bl\u00fchen.<\/p>\n","protected":false},"author":3,"featured_media":0,"comment_status":"open","ping_status":"open","sticky":false,"template":"","format":"standard","meta":{"footnotes":""},"categories":[1],"tags":[],"_links":{"self":[{"href":"https:\/\/orchideen-journal.de\/index.php?rest_route=\/wp\/v2\/posts\/1880"}],"collection":[{"href":"https:\/\/orchideen-journal.de\/index.php?rest_route=\/wp\/v2\/posts"}],"about":[{"href":"https:\/\/orchideen-journal.de\/index.php?rest_route=\/wp\/v2\/types\/post"}],"author":[{"embeddable":true,"href":"https:\/\/orchideen-journal.de\/index.php?rest_route=\/wp\/v2\/users\/3"}],"replies":[{"embeddable":true,"href":"https:\/\/orchideen-journal.de\/index.php?rest_route=%2Fwp%2Fv2%2Fcomments&post=1880"}],"version-history":[{"count":1,"href":"https:\/\/orchideen-journal.de\/index.php?rest_route=\/wp\/v2\/posts\/1880\/revisions"}],"predecessor-version":[{"id":1881,"href":"https:\/\/orchideen-journal.de\/index.php?rest_route=\/wp\/v2\/posts\/1880\/revisions\/1881"}],"wp:attachment":[{"href":"https:\/\/orchideen-journal.de\/index.php?rest_route=%2Fwp%2Fv2%2Fmedia&parent=1880"}],"wp:term":[{"taxonomy":"category","embeddable":true,"href":"https:\/\/orchideen-journal.de\/index.php?rest_route=%2Fwp%2Fv2%2Fcategories&post=1880"},{"taxonomy":"post_tag","embeddable":true,"href":"https:\/\/orchideen-journal.de\/index.php?rest_route=%2Fwp%2Fv2%2Ftags&post=1880"}],"curies":[{"name":"wp","href":"https:\/\/api.w.org\/{rel}","templated":true}]}}