{"id":1871,"date":"2022-01-08T12:26:37","date_gmt":"2022-01-08T12:26:37","guid":{"rendered":"http:\/\/blog.orchideen-journal.de\/?p=1871"},"modified":"2022-01-12T08:03:34","modified_gmt":"2022-01-12T08:03:34","slug":"was-jetzt-blueht-2","status":"publish","type":"post","link":"https:\/\/orchideen-journal.de\/?p=1871","title":{"rendered":"Was jetzt schon bl\u00fcht"},"content":{"rendered":"<p>Trotz der schlechter Temperatur und Lichtverh\u00e4ltnisse haben einige Orchideen beschlossen, doch zu bl\u00fchen. So zum Beipiel <em>Dendrobium<\/em> <em>fimbriatum<\/em> <em>oculatum<\/em>,\u00a0 oder <em>Coelogyne<\/em> <em>cristata<\/em>. Da ist die Bl\u00fcte dieses Jahr sogar 10 Tage fr\u00fcher. <a href=\"http:\/\/blog.orchideen-journal.de\/wp-content\/uploads\/2022\/01\/IMG_1283.jpg\"><img loading=\"lazy\" decoding=\"async\" class=\"aligncenter size-large wp-image-1873\" src=\"http:\/\/blog.orchideen-journal.de\/wp-content\/uploads\/2022\/01\/IMG_1283-1024x683.jpg\" alt=\"\" width=\"660\" height=\"440\" srcset=\"https:\/\/orchideen-journal.de\/wp-content\/uploads\/2022\/01\/IMG_1283-1024x683.jpg 1024w, https:\/\/orchideen-journal.de\/wp-content\/uploads\/2022\/01\/IMG_1283-300x200.jpg 300w, https:\/\/orchideen-journal.de\/wp-content\/uploads\/2022\/01\/IMG_1283-768x512.jpg 768w, https:\/\/orchideen-journal.de\/wp-content\/uploads\/2022\/01\/IMG_1283.jpg 1134w\" sizes=\"(max-width: 660px) 100vw, 660px\" \/><\/a><a href=\"http:\/\/blog.orchideen-journal.de\/wp-content\/uploads\/2022\/01\/37d-Kopie.jpg\"><img loading=\"lazy\" decoding=\"async\" class=\"aligncenter size-large wp-image-1874\" src=\"http:\/\/blog.orchideen-journal.de\/wp-content\/uploads\/2022\/01\/37d-Kopie-1024x683.jpg\" alt=\"\" width=\"660\" height=\"440\" srcset=\"https:\/\/orchideen-journal.de\/wp-content\/uploads\/2022\/01\/37d-Kopie-1024x683.jpg 1024w, https:\/\/orchideen-journal.de\/wp-content\/uploads\/2022\/01\/37d-Kopie-300x200.jpg 300w, https:\/\/orchideen-journal.de\/wp-content\/uploads\/2022\/01\/37d-Kopie-768x512.jpg 768w, https:\/\/orchideen-journal.de\/wp-content\/uploads\/2022\/01\/37d-Kopie.jpg 1134w\" sizes=\"(max-width: 660px) 100vw, 660px\" \/><\/a>Es gibt weitere alte Bekannte, die jetzt mit Bl\u00fcten beginnen: Neben anderen unten abgebildeten Arten freut mich besonders, dass mein Dendrobium wieder bl\u00fcht siehe letztes Bild.<\/p>\n<figure id=\"attachment_1460\" aria-describedby=\"caption-attachment-1460\" style=\"width: 660px\" class=\"wp-caption aligncenter\"><a href=\"http:\/\/blog.orchideen-journal.de\/wp-content\/uploads\/2020\/04\/IMG_0146.jpg\"><img loading=\"lazy\" decoding=\"async\" class=\"size-large wp-image-1460\" src=\"http:\/\/blog.orchideen-journal.de\/wp-content\/uploads\/2020\/04\/IMG_0146-1024x683.jpg\" alt=\"\" width=\"660\" height=\"440\" srcset=\"https:\/\/orchideen-journal.de\/wp-content\/uploads\/2020\/04\/IMG_0146-1024x683.jpg 1024w, https:\/\/orchideen-journal.de\/wp-content\/uploads\/2020\/04\/IMG_0146-300x200.jpg 300w, https:\/\/orchideen-journal.de\/wp-content\/uploads\/2020\/04\/IMG_0146-768x512.jpg 768w, https:\/\/orchideen-journal.de\/wp-content\/uploads\/2020\/04\/IMG_0146.jpg 1701w\" sizes=\"(max-width: 660px) 100vw, 660px\" \/><\/a><figcaption id=\"caption-attachment-1460\" class=\"wp-caption-text\">Dendrobium hancockii<\/figcaption><\/figure>\n<figure id=\"attachment_1428\" aria-describedby=\"caption-attachment-1428\" style=\"width: 660px\" class=\"wp-caption aligncenter\"><a href=\"http:\/\/blog.orchideen-journal.de\/wp-content\/uploads\/2020\/03\/IMG_5179.jpg\"><img loading=\"lazy\" decoding=\"async\" class=\"size-large wp-image-1428\" src=\"http:\/\/blog.orchideen-journal.de\/wp-content\/uploads\/2020\/03\/IMG_5179-1024x683.jpg\" alt=\"\" width=\"660\" height=\"440\" srcset=\"https:\/\/orchideen-journal.de\/wp-content\/uploads\/2020\/03\/IMG_5179-1024x683.jpg 1024w, https:\/\/orchideen-journal.de\/wp-content\/uploads\/2020\/03\/IMG_5179-300x200.jpg 300w, https:\/\/orchideen-journal.de\/wp-content\/uploads\/2020\/03\/IMG_5179-768x512.jpg 768w, https:\/\/orchideen-journal.de\/wp-content\/uploads\/2020\/03\/IMG_5179.jpg 1701w\" sizes=\"(max-width: 660px) 100vw, 660px\" \/><\/a><figcaption id=\"caption-attachment-1428\" class=\"wp-caption-text\">Maxillaria picta<\/figcaption><\/figure>\n<figure id=\"attachment_757\" aria-describedby=\"caption-attachment-757\" style=\"width: 1000px\" class=\"wp-caption aligncenter\"><a href=\"http:\/\/blog.orchideen-journal.de\/wp-content\/uploads\/2017\/02\/IMG_6377.jpg\"><img loading=\"lazy\" decoding=\"async\" class=\"size-full wp-image-757\" src=\"http:\/\/blog.orchideen-journal.de\/wp-content\/uploads\/2017\/02\/IMG_6377.jpg\" alt=\"\" width=\"1000\" height=\"667\" srcset=\"https:\/\/orchideen-journal.de\/wp-content\/uploads\/2017\/02\/IMG_6377.jpg 1000w, https:\/\/orchideen-journal.de\/wp-content\/uploads\/2017\/02\/IMG_6377-300x200.jpg 300w, https:\/\/orchideen-journal.de\/wp-content\/uploads\/2017\/02\/IMG_6377-768x512.jpg 768w\" sizes=\"(max-width: 767px) 89vw, (max-width: 1000px) 54vw, (max-width: 1071px) 543px, 580px\" \/><\/a><figcaption id=\"caption-attachment-757\" class=\"wp-caption-text\">Dendrochilum tenellum<\/figcaption><\/figure>\n<figure id=\"attachment_747\" aria-describedby=\"caption-attachment-747\" style=\"width: 1000px\" class=\"wp-caption aligncenter\"><a href=\"http:\/\/blog.orchideen-journal.de\/wp-content\/uploads\/2017\/01\/Dendrobium-schettleri-MDL-cropped.jpg\"><img loading=\"lazy\" decoding=\"async\" class=\"size-full wp-image-747\" src=\"http:\/\/blog.orchideen-journal.de\/wp-content\/uploads\/2017\/01\/Dendrobium-schettleri-MDL-cropped.jpg\" alt=\"\" width=\"1000\" height=\"1000\" srcset=\"https:\/\/orchideen-journal.de\/wp-content\/uploads\/2017\/01\/Dendrobium-schettleri-MDL-cropped.jpg 1000w, https:\/\/orchideen-journal.de\/wp-content\/uploads\/2017\/01\/Dendrobium-schettleri-MDL-cropped-150x150.jpg 150w, https:\/\/orchideen-journal.de\/wp-content\/uploads\/2017\/01\/Dendrobium-schettleri-MDL-cropped-300x300.jpg 300w, https:\/\/orchideen-journal.de\/wp-content\/uploads\/2017\/01\/Dendrobium-schettleri-MDL-cropped-768x768.jpg 768w\" sizes=\"(max-width: 767px) 89vw, (max-width: 1000px) 54vw, (max-width: 1071px) 543px, 580px\" \/><\/a><figcaption id=\"caption-attachment-747\" class=\"wp-caption-text\">Dendrobium schettleri<\/figcaption><\/figure>\n","protected":false},"excerpt":{"rendered":"<p>Trotz der schlechter Temperatur und Lichtverh\u00e4ltnisse haben einige Orchideen beschlossen, doch zu bl\u00fchen. So zum Beipiel Dendrobium fimbriatum oculatum,\u00a0 oder Coelogyne cristata. Da ist die Bl\u00fcte dieses Jahr sogar 10 Tage fr\u00fcher. Es gibt weitere alte Bekannte, die jetzt mit Bl\u00fcten beginnen: Neben anderen unten abgebildeten Arten freut mich besonders, dass mein Dendrobium wieder bl\u00fcht &hellip; <\/p>\n<p class=\"link-more\"><a href=\"https:\/\/orchideen-journal.de\/?p=1871\" class=\"more-link\"><span class=\"screen-reader-text\">\u201eWas jetzt schon bl\u00fcht\u201c<\/span> weiterlesen<\/a><\/p>\n","protected":false},"author":3,"featured_media":0,"comment_status":"open","ping_status":"open","sticky":false,"template":"","format":"standard","meta":{"footnotes":""},"categories":[1],"tags":[],"_links":{"self":[{"href":"https:\/\/orchideen-journal.de\/index.php?rest_route=\/wp\/v2\/posts\/1871"}],"collection":[{"href":"https:\/\/orchideen-journal.de\/index.php?rest_route=\/wp\/v2\/posts"}],"about":[{"href":"https:\/\/orchideen-journal.de\/index.php?rest_route=\/wp\/v2\/types\/post"}],"author":[{"embeddable":true,"href":"https:\/\/orchideen-journal.de\/index.php?rest_route=\/wp\/v2\/users\/3"}],"replies":[{"embeddable":true,"href":"https:\/\/orchideen-journal.de\/index.php?rest_route=%2Fwp%2Fv2%2Fcomments&post=1871"}],"version-history":[{"count":4,"href":"https:\/\/orchideen-journal.de\/index.php?rest_route=\/wp\/v2\/posts\/1871\/revisions"}],"predecessor-version":[{"id":1879,"href":"https:\/\/orchideen-journal.de\/index.php?rest_route=\/wp\/v2\/posts\/1871\/revisions\/1879"}],"wp:attachment":[{"href":"https:\/\/orchideen-journal.de\/index.php?rest_route=%2Fwp%2Fv2%2Fmedia&parent=1871"}],"wp:term":[{"taxonomy":"category","embeddable":true,"href":"https:\/\/orchideen-journal.de\/index.php?rest_route=%2Fwp%2Fv2%2Fcategories&post=1871"},{"taxonomy":"post_tag","embeddable":true,"href":"https:\/\/orchideen-journal.de\/index.php?rest_route=%2Fwp%2Fv2%2Ftags&post=1871"}],"curies":[{"name":"wp","href":"https:\/\/api.w.org\/{rel}","templated":true}]}}