{"id":1788,"date":"2021-09-29T07:14:07","date_gmt":"2021-09-29T07:14:07","guid":{"rendered":"http:\/\/blog.orchideen-journal.de\/?p=1788"},"modified":"2021-09-29T07:14:07","modified_gmt":"2021-09-29T07:14:07","slug":"zelenkoa-onusta","status":"publish","type":"post","link":"https:\/\/orchideen-journal.de\/?p=1788","title":{"rendered":"Zelenkoa onusta"},"content":{"rendered":"<p>Schon in der Vergangenheit hab ich versucht diese Art \u00fcber l\u00e4ngere Zeit in Kultur zu erhalten. Besonders im Winter ist das nicht immer einfach. Wahrscheinlich ist es in meiner Anlage zu kalt daf\u00fcr. Seit jetzt drei Jahren habe ich wieder aufgebundene Pflanzen. Sie haben in k\u00fchlen Wintern\u00e4chten Probleme, da dann die Wurzelspitzen absterben, es bilden sich aber mit den Neutrieben neue. Dazu muss auf immer sehr sauberes Wasser geachtet werden. Die Pflanzen h\u00e4ngen im First des Gew\u00e4chshauses. Die Pflanzen werden im Sommer sehr warm. Einmal am Tag erhalten sie Wasser im Sommer immer mit D\u00fcnger.<\/p>\n<p><a href=\"http:\/\/blog.orchideen-journal.de\/wp-content\/uploads\/2021\/09\/IMG_6215.jpeg\"><img loading=\"lazy\" decoding=\"async\" class=\"aligncenter size-large wp-image-1789\" src=\"http:\/\/blog.orchideen-journal.de\/wp-content\/uploads\/2021\/09\/IMG_6215-683x1024.jpeg\" alt=\"\" width=\"660\" height=\"990\" srcset=\"https:\/\/orchideen-journal.de\/wp-content\/uploads\/2021\/09\/IMG_6215-683x1024.jpeg 683w, https:\/\/orchideen-journal.de\/wp-content\/uploads\/2021\/09\/IMG_6215-200x300.jpeg 200w, https:\/\/orchideen-journal.de\/wp-content\/uploads\/2021\/09\/IMG_6215-768x1151.jpeg 768w, https:\/\/orchideen-journal.de\/wp-content\/uploads\/2021\/09\/IMG_6215.jpeg 854w\" sizes=\"(max-width: 660px) 100vw, 660px\" \/><\/a><a href=\"http:\/\/blog.orchideen-journal.de\/wp-content\/uploads\/2021\/09\/IMG_6216.jpeg\"><img loading=\"lazy\" decoding=\"async\" class=\"aligncenter size-large wp-image-1790\" src=\"http:\/\/blog.orchideen-journal.de\/wp-content\/uploads\/2021\/09\/IMG_6216-683x1024.jpeg\" alt=\"\" width=\"660\" height=\"990\" srcset=\"https:\/\/orchideen-journal.de\/wp-content\/uploads\/2021\/09\/IMG_6216-683x1024.jpeg 683w, https:\/\/orchideen-journal.de\/wp-content\/uploads\/2021\/09\/IMG_6216-200x300.jpeg 200w, https:\/\/orchideen-journal.de\/wp-content\/uploads\/2021\/09\/IMG_6216-768x1151.jpeg 768w, https:\/\/orchideen-journal.de\/wp-content\/uploads\/2021\/09\/IMG_6216.jpeg 854w\" sizes=\"(max-width: 660px) 100vw, 660px\" \/><\/a><\/p>\n<p>Im Moment bl\u00fcht eine Pflanze wieder in ihrer grell leuchtenden gelben Bl\u00fctenfarbe.<\/p>\n","protected":false},"excerpt":{"rendered":"<p>Schon in der Vergangenheit hab ich versucht diese Art \u00fcber l\u00e4ngere Zeit in Kultur zu erhalten. Besonders im Winter ist das nicht immer einfach. Wahrscheinlich ist es in meiner Anlage zu kalt daf\u00fcr. Seit jetzt drei Jahren habe ich wieder aufgebundene Pflanzen. Sie haben in k\u00fchlen Wintern\u00e4chten Probleme, da dann die Wurzelspitzen absterben, es bilden &hellip; <\/p>\n<p class=\"link-more\"><a href=\"https:\/\/orchideen-journal.de\/?p=1788\" class=\"more-link\"><span class=\"screen-reader-text\">\u201eZelenkoa onusta\u201c<\/span> weiterlesen<\/a><\/p>\n","protected":false},"author":3,"featured_media":0,"comment_status":"open","ping_status":"open","sticky":false,"template":"","format":"standard","meta":{"footnotes":""},"categories":[1],"tags":[],"_links":{"self":[{"href":"https:\/\/orchideen-journal.de\/index.php?rest_route=\/wp\/v2\/posts\/1788"}],"collection":[{"href":"https:\/\/orchideen-journal.de\/index.php?rest_route=\/wp\/v2\/posts"}],"about":[{"href":"https:\/\/orchideen-journal.de\/index.php?rest_route=\/wp\/v2\/types\/post"}],"author":[{"embeddable":true,"href":"https:\/\/orchideen-journal.de\/index.php?rest_route=\/wp\/v2\/users\/3"}],"replies":[{"embeddable":true,"href":"https:\/\/orchideen-journal.de\/index.php?rest_route=%2Fwp%2Fv2%2Fcomments&post=1788"}],"version-history":[{"count":1,"href":"https:\/\/orchideen-journal.de\/index.php?rest_route=\/wp\/v2\/posts\/1788\/revisions"}],"predecessor-version":[{"id":1791,"href":"https:\/\/orchideen-journal.de\/index.php?rest_route=\/wp\/v2\/posts\/1788\/revisions\/1791"}],"wp:attachment":[{"href":"https:\/\/orchideen-journal.de\/index.php?rest_route=%2Fwp%2Fv2%2Fmedia&parent=1788"}],"wp:term":[{"taxonomy":"category","embeddable":true,"href":"https:\/\/orchideen-journal.de\/index.php?rest_route=%2Fwp%2Fv2%2Fcategories&post=1788"},{"taxonomy":"post_tag","embeddable":true,"href":"https:\/\/orchideen-journal.de\/index.php?rest_route=%2Fwp%2Fv2%2Ftags&post=1788"}],"curies":[{"name":"wp","href":"https:\/\/api.w.org\/{rel}","templated":true}]}}