{"id":1717,"date":"2021-07-24T10:39:25","date_gmt":"2021-07-24T10:39:25","guid":{"rendered":"http:\/\/blog.orchideen-journal.de\/?p=1717"},"modified":"2021-07-26T06:57:19","modified_gmt":"2021-07-26T06:57:19","slug":"dendrobium-tetraendre-neu-in-meiner-sammlung","status":"publish","type":"post","link":"https:\/\/orchideen-journal.de\/?p=1717","title":{"rendered":"Dendrobium tetraedre neu in meiner Sammlung"},"content":{"rendered":"<p>Auch nach vielen Jahren der Sammelleidenschaft kommt es vor, dass sich ein neues <em>Dendrobium<\/em> in meine Sammlung verirrt. Ich habe es von der Schwerter Orchideenzucht als Dendrobium Mini Spezies gekauft. Inzwischen ist es leider v\u00f6llig ausverkauft. Die Pflanze w\u00e4chst mit sehr kurzen Trieben die am Grund verdickt sind. Die endst\u00e4ndigen Bl\u00fcten erscheinen im ganzen Jahr. Sie sind leider nur maximal 5 Tage haltbar, da die Pflanze aber sozusagen dauernd bl\u00fcht, ist das ok.<\/p>\n<figure id=\"attachment_1718\" aria-describedby=\"caption-attachment-1718\" style=\"width: 660px\" class=\"wp-caption aligncenter\"><a href=\"http:\/\/blog.orchideen-journal.de\/wp-content\/uploads\/2021\/07\/IMG_0472.jpeg\"><img loading=\"lazy\" decoding=\"async\" class=\"size-large wp-image-1718\" src=\"http:\/\/blog.orchideen-journal.de\/wp-content\/uploads\/2021\/07\/IMG_0472-1024x683.jpeg\" alt=\"\" width=\"660\" height=\"440\" srcset=\"https:\/\/orchideen-journal.de\/wp-content\/uploads\/2021\/07\/IMG_0472-1024x683.jpeg 1024w, https:\/\/orchideen-journal.de\/wp-content\/uploads\/2021\/07\/IMG_0472-300x200.jpeg 300w, https:\/\/orchideen-journal.de\/wp-content\/uploads\/2021\/07\/IMG_0472-768x512.jpeg 768w, https:\/\/orchideen-journal.de\/wp-content\/uploads\/2021\/07\/IMG_0472.jpeg 1280w\" sizes=\"(max-width: 660px) 100vw, 660px\" \/><\/a><figcaption id=\"caption-attachment-1718\" class=\"wp-caption-text\">Pflanzenhabitus von D. tetraendre<\/figcaption><\/figure>\n<p>Pflanze wurde von Lindley 1830 f\u00fcr Java und Sumatra beschrieben, Sie kommt aus H\u00f6henlagen zwischen 500 bis 1800m \u00fcber NN. Soll angeblich im Schatten wachsen und durch das Vorkommen wird eine Kultur von kalt bis warm empfohlen.<\/p>\n<figure id=\"attachment_1719\" aria-describedby=\"caption-attachment-1719\" style=\"width: 660px\" class=\"wp-caption aligncenter\"><a href=\"http:\/\/blog.orchideen-journal.de\/wp-content\/uploads\/2021\/07\/IMG_0471.jpeg\"><img loading=\"lazy\" decoding=\"async\" class=\"size-large wp-image-1719\" src=\"http:\/\/blog.orchideen-journal.de\/wp-content\/uploads\/2021\/07\/IMG_0471-1024x683.jpeg\" alt=\"\" width=\"660\" height=\"440\" srcset=\"https:\/\/orchideen-journal.de\/wp-content\/uploads\/2021\/07\/IMG_0471-1024x683.jpeg 1024w, https:\/\/orchideen-journal.de\/wp-content\/uploads\/2021\/07\/IMG_0471-300x200.jpeg 300w, https:\/\/orchideen-journal.de\/wp-content\/uploads\/2021\/07\/IMG_0471-768x512.jpeg 768w, https:\/\/orchideen-journal.de\/wp-content\/uploads\/2021\/07\/IMG_0471.jpeg 1280w\" sizes=\"(max-width: 660px) 100vw, 660px\" \/><\/a><figcaption id=\"caption-attachment-1719\" class=\"wp-caption-text\">Dendrobium tetraendre Einzelbl\u00fcte<\/figcaption><\/figure>\n<p>Meine Pflanze ist auf Ton aufgebunden, sie wird immer ged\u00fcngt, t\u00e4glich angespr\u00fcht und \u00f6fter getaucht. Sie ist offenbar leicht zu kultivieren.<\/p>\n<p>Ich danke Andre Schuiteman f\u00fcr die Ermittlung des Namens.<\/p>\n","protected":false},"excerpt":{"rendered":"<p>Auch nach vielen Jahren der Sammelleidenschaft kommt es vor, dass sich ein neues Dendrobium in meine Sammlung verirrt. Ich habe es von der Schwerter Orchideenzucht als Dendrobium Mini Spezies gekauft. Inzwischen ist es leider v\u00f6llig ausverkauft. Die Pflanze w\u00e4chst mit sehr kurzen Trieben die am Grund verdickt sind. Die endst\u00e4ndigen Bl\u00fcten erscheinen im ganzen Jahr. &hellip; <\/p>\n<p class=\"link-more\"><a href=\"https:\/\/orchideen-journal.de\/?p=1717\" class=\"more-link\"><span class=\"screen-reader-text\">\u201eDendrobium tetraedre neu in meiner Sammlung\u201c<\/span> weiterlesen<\/a><\/p>\n","protected":false},"author":3,"featured_media":0,"comment_status":"open","ping_status":"open","sticky":false,"template":"","format":"standard","meta":{"footnotes":""},"categories":[1],"tags":[],"_links":{"self":[{"href":"https:\/\/orchideen-journal.de\/index.php?rest_route=\/wp\/v2\/posts\/1717"}],"collection":[{"href":"https:\/\/orchideen-journal.de\/index.php?rest_route=\/wp\/v2\/posts"}],"about":[{"href":"https:\/\/orchideen-journal.de\/index.php?rest_route=\/wp\/v2\/types\/post"}],"author":[{"embeddable":true,"href":"https:\/\/orchideen-journal.de\/index.php?rest_route=\/wp\/v2\/users\/3"}],"replies":[{"embeddable":true,"href":"https:\/\/orchideen-journal.de\/index.php?rest_route=%2Fwp%2Fv2%2Fcomments&post=1717"}],"version-history":[{"count":4,"href":"https:\/\/orchideen-journal.de\/index.php?rest_route=\/wp\/v2\/posts\/1717\/revisions"}],"predecessor-version":[{"id":1729,"href":"https:\/\/orchideen-journal.de\/index.php?rest_route=\/wp\/v2\/posts\/1717\/revisions\/1729"}],"wp:attachment":[{"href":"https:\/\/orchideen-journal.de\/index.php?rest_route=%2Fwp%2Fv2%2Fmedia&parent=1717"}],"wp:term":[{"taxonomy":"category","embeddable":true,"href":"https:\/\/orchideen-journal.de\/index.php?rest_route=%2Fwp%2Fv2%2Fcategories&post=1717"},{"taxonomy":"post_tag","embeddable":true,"href":"https:\/\/orchideen-journal.de\/index.php?rest_route=%2Fwp%2Fv2%2Ftags&post=1717"}],"curies":[{"name":"wp","href":"https:\/\/api.w.org\/{rel}","templated":true}]}}