{"id":1619,"date":"2021-02-17T10:13:10","date_gmt":"2021-02-17T10:13:10","guid":{"rendered":"http:\/\/blog.orchideen-journal.de\/?p=1619"},"modified":"2021-02-17T10:15:15","modified_gmt":"2021-02-17T10:15:15","slug":"rot-und-gelb","status":"publish","type":"post","link":"https:\/\/orchideen-journal.de\/?p=1619","title":{"rendered":"Rot und gelb"},"content":{"rendered":"<p>Nach der Bl\u00fcte von <em>Coelogyne<\/em> <em>cristata<\/em> und <em>intermedia<\/em> kommen jetzt die Farbt\u00f6ne rot und gelb zur Bl\u00fcte.<\/p>\n<p>Zun\u00e4chst die vielen kleinen roten Bl\u00fcten von <em>Maxillaria<\/em> <em>sophronitis<\/em> aus Venezuela und Kolumbien, die dort in H\u00f6hen zwischen 800 bis 1700 m epiphytisch w\u00e4chst und die hier in Kultur mehrfach im Jahr bl\u00fcht. Ist aufgebunden und bildet mit den Jahren ein gro\u00dfes, sich selbst tragendes Gestr\u00fcpp. Verzeiht auch \u00fcber mehrere Tage kein Wasser zu erhalten.<\/p>\n<p><a href=\"http:\/\/blog.orchideen-journal.de\/wp-content\/uploads\/2020\/05\/DSCN0865.jpg\"><img loading=\"lazy\" decoding=\"async\" class=\"aligncenter size-full wp-image-1488\" src=\"http:\/\/blog.orchideen-journal.de\/wp-content\/uploads\/2020\/05\/DSCN0865.jpg\" alt=\"\" width=\"591\" height=\"443\" srcset=\"https:\/\/orchideen-journal.de\/wp-content\/uploads\/2020\/05\/DSCN0865.jpg 591w, https:\/\/orchideen-journal.de\/wp-content\/uploads\/2020\/05\/DSCN0865-300x225.jpg 300w\" sizes=\"(max-width: 591px) 100vw, 591px\" \/><\/a><\/p>\n<p>Die gelbe Orchidee ist <em>Dendrobium harveyanum<\/em> eins der sch\u00f6nsten und zugleich seltensten Dendrobien und bl\u00fcht aus den vorj\u00e4hrigen Bulben. Auch alte Bulben k\u00f6nnen \u00fcber Jahre Bl\u00fctenst\u00e4nde bilden. Bl\u00fcht bei mir zweimal im Jahr. Wird im Kalthaus im Topf kultiviert mit durchl\u00e4ssigem Rindensubstrat. Kultur nicht einfach, bitte nur ausreichend gro\u00dfe Exemplare kaufen.<\/p>\n<p>Pflanze stammt aus Vietnam und China und w\u00e4chst zwischen 1000 bis 1700m H\u00f6he. Ist nach einem irischen Pflanzenliebhaber aus dem 19.Jahrhundert benannt.<\/p>\n","protected":false},"excerpt":{"rendered":"<p>Nach der Bl\u00fcte von Coelogyne cristata und intermedia kommen jetzt die Farbt\u00f6ne rot und gelb zur Bl\u00fcte. Zun\u00e4chst die vielen kleinen roten Bl\u00fcten von Maxillaria sophronitis aus Venezuela und Kolumbien, die dort in H\u00f6hen zwischen 800 bis 1700 m epiphytisch w\u00e4chst und die hier in Kultur mehrfach im Jahr bl\u00fcht. Ist aufgebunden und bildet mit &hellip; <\/p>\n<p class=\"link-more\"><a href=\"https:\/\/orchideen-journal.de\/?p=1619\" class=\"more-link\"><span class=\"screen-reader-text\">\u201eRot und gelb\u201c<\/span> weiterlesen<\/a><\/p>\n","protected":false},"author":3,"featured_media":0,"comment_status":"open","ping_status":"open","sticky":false,"template":"","format":"standard","meta":{"footnotes":""},"categories":[1],"tags":[],"_links":{"self":[{"href":"https:\/\/orchideen-journal.de\/index.php?rest_route=\/wp\/v2\/posts\/1619"}],"collection":[{"href":"https:\/\/orchideen-journal.de\/index.php?rest_route=\/wp\/v2\/posts"}],"about":[{"href":"https:\/\/orchideen-journal.de\/index.php?rest_route=\/wp\/v2\/types\/post"}],"author":[{"embeddable":true,"href":"https:\/\/orchideen-journal.de\/index.php?rest_route=\/wp\/v2\/users\/3"}],"replies":[{"embeddable":true,"href":"https:\/\/orchideen-journal.de\/index.php?rest_route=%2Fwp%2Fv2%2Fcomments&post=1619"}],"version-history":[{"count":3,"href":"https:\/\/orchideen-journal.de\/index.php?rest_route=\/wp\/v2\/posts\/1619\/revisions"}],"predecessor-version":[{"id":1622,"href":"https:\/\/orchideen-journal.de\/index.php?rest_route=\/wp\/v2\/posts\/1619\/revisions\/1622"}],"wp:attachment":[{"href":"https:\/\/orchideen-journal.de\/index.php?rest_route=%2Fwp%2Fv2%2Fmedia&parent=1619"}],"wp:term":[{"taxonomy":"category","embeddable":true,"href":"https:\/\/orchideen-journal.de\/index.php?rest_route=%2Fwp%2Fv2%2Fcategories&post=1619"},{"taxonomy":"post_tag","embeddable":true,"href":"https:\/\/orchideen-journal.de\/index.php?rest_route=%2Fwp%2Fv2%2Ftags&post=1619"}],"curies":[{"name":"wp","href":"https:\/\/api.w.org\/{rel}","templated":true}]}}