{"id":1591,"date":"2020-12-26T12:31:11","date_gmt":"2020-12-26T12:31:11","guid":{"rendered":"http:\/\/blog.orchideen-journal.de\/?p=1591"},"modified":"2020-12-26T12:31:11","modified_gmt":"2020-12-26T12:31:11","slug":"zelenkoa-onusta-an-weihnachten","status":"publish","type":"post","link":"https:\/\/orchideen-journal.de\/?p=1591","title":{"rendered":"Zelenkoa onusta an Weihnachten"},"content":{"rendered":"<p>Eine meiner langj\u00e4hrigen Traumorchideen bl\u00fcht jetzt mitten in der dunklen Jahreszeit wieder. Habe mir im Fr\u00fchjahr 2019 Jungpflanzen also Nachzuchten davon von der Firma O&amp;M besorgt. Diese sind sehr hell im Giebel vom Gew\u00e4chshaus aufgeh\u00e4ngt und werden jeden Tag mit D\u00fcngerl\u00f6sung bespr\u00fcht. Aber in geringer Konzentration, damit weder Korkst\u00fcck noch Wurzeln Salzkrusten bilden. Im Rahmen des normalen W\u00e4ssern werden die Pflanzen dann immer wieder mal mit Wasser ohne D\u00fcnger bespr\u00fcht bzw. sozusagen getr\u00e4nkt. Eine meiner Pflanzen hat durch eine seltsame Bakterienerkrankung, wahrscheinlich aus meinem Wasser, alle Bl\u00e4tter verloren. Die andere bl\u00fcht jetzt wieder und das seit Wochen. Achtung die Pflanzen sollten immer abgetrocknet in die Nacht gehen! Und bitte auf sauberes Wasser achten!<\/p>\n<figure id=\"attachment_1592\" aria-describedby=\"caption-attachment-1592\" style=\"width: 660px\" class=\"wp-caption aligncenter\"><a href=\"http:\/\/blog.orchideen-journal.de\/wp-content\/uploads\/2020\/12\/IMG_6216.jpg\"><img loading=\"lazy\" decoding=\"async\" class=\"size-large wp-image-1592\" src=\"http:\/\/blog.orchideen-journal.de\/wp-content\/uploads\/2020\/12\/IMG_6216-683x1024.jpg\" alt=\"\" width=\"660\" height=\"990\" srcset=\"https:\/\/orchideen-journal.de\/wp-content\/uploads\/2020\/12\/IMG_6216-683x1024.jpg 683w, https:\/\/orchideen-journal.de\/wp-content\/uploads\/2020\/12\/IMG_6216-200x300.jpg 200w, https:\/\/orchideen-journal.de\/wp-content\/uploads\/2020\/12\/IMG_6216-768x1152.jpg 768w, https:\/\/orchideen-journal.de\/wp-content\/uploads\/2020\/12\/IMG_6216.jpg 1134w\" sizes=\"(max-width: 660px) 100vw, 660px\" \/><\/a><figcaption id=\"caption-attachment-1592\" class=\"wp-caption-text\">Zelenkoa onusta<\/figcaption><\/figure>\n<p>Die Pflanze tr\u00e4gt den Namen <em>Zelenkoa<\/em> onusta, nach meinem Orchideenfreund Harry Zelenko, der in Quito, Ecuador, eine gro\u00dfe Orchideensammlung pflegt.<\/p>\n<figure id=\"attachment_1593\" aria-describedby=\"caption-attachment-1593\" style=\"width: 660px\" class=\"wp-caption aligncenter\"><a href=\"http:\/\/blog.orchideen-journal.de\/wp-content\/uploads\/2020\/12\/IMG_6215.jpg\"><img loading=\"lazy\" decoding=\"async\" class=\"size-large wp-image-1593\" src=\"http:\/\/blog.orchideen-journal.de\/wp-content\/uploads\/2020\/12\/IMG_6215-683x1024.jpg\" alt=\"\" width=\"660\" height=\"990\" srcset=\"https:\/\/orchideen-journal.de\/wp-content\/uploads\/2020\/12\/IMG_6215-683x1024.jpg 683w, https:\/\/orchideen-journal.de\/wp-content\/uploads\/2020\/12\/IMG_6215-200x300.jpg 200w, https:\/\/orchideen-journal.de\/wp-content\/uploads\/2020\/12\/IMG_6215-768x1152.jpg 768w, https:\/\/orchideen-journal.de\/wp-content\/uploads\/2020\/12\/IMG_6215.jpg 1134w\" sizes=\"(max-width: 660px) 100vw, 660px\" \/><\/a><figcaption id=\"caption-attachment-1593\" class=\"wp-caption-text\">Bl\u00fctenstand<\/figcaption><\/figure>\n<p>&nbsp;<\/p>\n<p>&nbsp;<\/p>\n","protected":false},"excerpt":{"rendered":"<p>Eine meiner langj\u00e4hrigen Traumorchideen bl\u00fcht jetzt mitten in der dunklen Jahreszeit wieder. Habe mir im Fr\u00fchjahr 2019 Jungpflanzen also Nachzuchten davon von der Firma O&amp;M besorgt. Diese sind sehr hell im Giebel vom Gew\u00e4chshaus aufgeh\u00e4ngt und werden jeden Tag mit D\u00fcngerl\u00f6sung bespr\u00fcht. Aber in geringer Konzentration, damit weder Korkst\u00fcck noch Wurzeln Salzkrusten bilden. Im Rahmen &hellip; <\/p>\n<p class=\"link-more\"><a href=\"https:\/\/orchideen-journal.de\/?p=1591\" class=\"more-link\"><span class=\"screen-reader-text\">\u201eZelenkoa onusta an Weihnachten\u201c<\/span> weiterlesen<\/a><\/p>\n","protected":false},"author":3,"featured_media":0,"comment_status":"open","ping_status":"open","sticky":false,"template":"","format":"standard","meta":{"footnotes":""},"categories":[1],"tags":[],"_links":{"self":[{"href":"https:\/\/orchideen-journal.de\/index.php?rest_route=\/wp\/v2\/posts\/1591"}],"collection":[{"href":"https:\/\/orchideen-journal.de\/index.php?rest_route=\/wp\/v2\/posts"}],"about":[{"href":"https:\/\/orchideen-journal.de\/index.php?rest_route=\/wp\/v2\/types\/post"}],"author":[{"embeddable":true,"href":"https:\/\/orchideen-journal.de\/index.php?rest_route=\/wp\/v2\/users\/3"}],"replies":[{"embeddable":true,"href":"https:\/\/orchideen-journal.de\/index.php?rest_route=%2Fwp%2Fv2%2Fcomments&post=1591"}],"version-history":[{"count":1,"href":"https:\/\/orchideen-journal.de\/index.php?rest_route=\/wp\/v2\/posts\/1591\/revisions"}],"predecessor-version":[{"id":1594,"href":"https:\/\/orchideen-journal.de\/index.php?rest_route=\/wp\/v2\/posts\/1591\/revisions\/1594"}],"wp:attachment":[{"href":"https:\/\/orchideen-journal.de\/index.php?rest_route=%2Fwp%2Fv2%2Fmedia&parent=1591"}],"wp:term":[{"taxonomy":"category","embeddable":true,"href":"https:\/\/orchideen-journal.de\/index.php?rest_route=%2Fwp%2Fv2%2Fcategories&post=1591"},{"taxonomy":"post_tag","embeddable":true,"href":"https:\/\/orchideen-journal.de\/index.php?rest_route=%2Fwp%2Fv2%2Ftags&post=1591"}],"curies":[{"name":"wp","href":"https:\/\/api.w.org\/{rel}","templated":true}]}}