{"id":1569,"date":"2020-11-14T12:34:50","date_gmt":"2020-11-14T12:34:50","guid":{"rendered":"http:\/\/blog.orchideen-journal.de\/?p=1569"},"modified":"2020-11-14T12:34:50","modified_gmt":"2020-11-14T12:34:50","slug":"neolauchea-pulchella","status":"publish","type":"post","link":"https:\/\/orchideen-journal.de\/?p=1569","title":{"rendered":"Neolauchea pulchella"},"content":{"rendered":"<p>Diese Orchidee befindet sich schon lange in meiner Sammlung. Sie wird aufgebunden auf einem altem St\u00fcck Xaxim kultiviert, regelm\u00e4\u00dfig angespr\u00fcht auch mit D\u00fcngerl\u00f6sung und bl\u00fcht immer zum Ende des Jahres.<\/p>\n<figure id=\"attachment_1570\" aria-describedby=\"caption-attachment-1570\" style=\"width: 660px\" class=\"wp-caption aligncenter\"><a href=\"http:\/\/blog.orchideen-journal.de\/wp-content\/uploads\/2020\/11\/IMG_0015.jpg\"><img loading=\"lazy\" decoding=\"async\" class=\"size-large wp-image-1570\" src=\"http:\/\/blog.orchideen-journal.de\/wp-content\/uploads\/2020\/11\/IMG_0015-683x1024.jpg\" alt=\"\" width=\"660\" height=\"990\" srcset=\"https:\/\/orchideen-journal.de\/wp-content\/uploads\/2020\/11\/IMG_0015-683x1024.jpg 683w, https:\/\/orchideen-journal.de\/wp-content\/uploads\/2020\/11\/IMG_0015-200x300.jpg 200w, https:\/\/orchideen-journal.de\/wp-content\/uploads\/2020\/11\/IMG_0015-768x1152.jpg 768w, https:\/\/orchideen-journal.de\/wp-content\/uploads\/2020\/11\/IMG_0015.jpg 1417w\" sizes=\"(max-width: 660px) 100vw, 660px\" \/><\/a><figcaption id=\"caption-attachment-1570\" class=\"wp-caption-text\">Neolauchea pulchella<\/figcaption><\/figure>\n<p>Die Pflanze stammt aus dem s\u00fcdlichen Brasilien. Kommt wohl angeblich aus feuchten Bergw\u00e4ldern von m\u00e4\u00dfiger H\u00f6he. Sollte also eher warm kultiviert werden. Bei mir w\u00e4chst sie auch temperiert, wahrscheinlich aber deshalb nicht so \u00fcppig. Die langen Ausl\u00e4ufer haben nadelartige Bl\u00e4tter und sehr kleine Bulben. Die Ausl\u00e4ufer sterben von hinten her \u00fcber die Jahre ab. Man kann alle paar Jahren die Vordertriebe einfach abschneiden und diese auf einer neuen Unterlage festbinden. Das Einwurzeln dauert nur einige Tage oder Wochen. Die Pflanzen verzeihen auch Trockenzeiten solange die Luftfeuchte stimmt. Die Pflanze ist sehr einfach in der Kultur.<\/p>\n","protected":false},"excerpt":{"rendered":"<p>Diese Orchidee befindet sich schon lange in meiner Sammlung. Sie wird aufgebunden auf einem altem St\u00fcck Xaxim kultiviert, regelm\u00e4\u00dfig angespr\u00fcht auch mit D\u00fcngerl\u00f6sung und bl\u00fcht immer zum Ende des Jahres. Die Pflanze stammt aus dem s\u00fcdlichen Brasilien. Kommt wohl angeblich aus feuchten Bergw\u00e4ldern von m\u00e4\u00dfiger H\u00f6he. Sollte also eher warm kultiviert werden. Bei mir w\u00e4chst &hellip; <\/p>\n<p class=\"link-more\"><a href=\"https:\/\/orchideen-journal.de\/?p=1569\" class=\"more-link\"><span class=\"screen-reader-text\">\u201eNeolauchea pulchella\u201c<\/span> weiterlesen<\/a><\/p>\n","protected":false},"author":3,"featured_media":0,"comment_status":"open","ping_status":"open","sticky":false,"template":"","format":"standard","meta":{"footnotes":""},"categories":[1],"tags":[],"_links":{"self":[{"href":"https:\/\/orchideen-journal.de\/index.php?rest_route=\/wp\/v2\/posts\/1569"}],"collection":[{"href":"https:\/\/orchideen-journal.de\/index.php?rest_route=\/wp\/v2\/posts"}],"about":[{"href":"https:\/\/orchideen-journal.de\/index.php?rest_route=\/wp\/v2\/types\/post"}],"author":[{"embeddable":true,"href":"https:\/\/orchideen-journal.de\/index.php?rest_route=\/wp\/v2\/users\/3"}],"replies":[{"embeddable":true,"href":"https:\/\/orchideen-journal.de\/index.php?rest_route=%2Fwp%2Fv2%2Fcomments&post=1569"}],"version-history":[{"count":1,"href":"https:\/\/orchideen-journal.de\/index.php?rest_route=\/wp\/v2\/posts\/1569\/revisions"}],"predecessor-version":[{"id":1571,"href":"https:\/\/orchideen-journal.de\/index.php?rest_route=\/wp\/v2\/posts\/1569\/revisions\/1571"}],"wp:attachment":[{"href":"https:\/\/orchideen-journal.de\/index.php?rest_route=%2Fwp%2Fv2%2Fmedia&parent=1569"}],"wp:term":[{"taxonomy":"category","embeddable":true,"href":"https:\/\/orchideen-journal.de\/index.php?rest_route=%2Fwp%2Fv2%2Fcategories&post=1569"},{"taxonomy":"post_tag","embeddable":true,"href":"https:\/\/orchideen-journal.de\/index.php?rest_route=%2Fwp%2Fv2%2Ftags&post=1569"}],"curies":[{"name":"wp","href":"https:\/\/api.w.org\/{rel}","templated":true}]}}