{"id":1528,"date":"2020-08-14T12:08:45","date_gmt":"2020-08-14T12:08:45","guid":{"rendered":"http:\/\/blog.orchideen-journal.de\/?p=1528"},"modified":"2020-08-14T12:08:45","modified_gmt":"2020-08-14T12:08:45","slug":"bulbophyllum-tingabarinum-oder-doch-pecten-veneris","status":"publish","type":"post","link":"https:\/\/orchideen-journal.de\/?p=1528","title":{"rendered":"Bulbophyllum tingabarinum oder doch pecten-veneris"},"content":{"rendered":"<p>Leider bin ich mir immer noch nicht sicher, wie diese Orchidee eigentlich korrekt zu nennen ist. Mir ist aufgefallen, dass beide Namen immer mal wieder munter durcheinander benutzt werden. Egal, denn dieses <em>Bulbophyllum<\/em> ist echt sehr sch\u00f6n, bleibt klein und w\u00e4chst bei mir in einem kleinen Topf mit Rindensubstrat. Sie h\u00e4ngt relativ schattig, wird aber regelm\u00e4\u00dfig ged\u00fcngt und nat\u00fcrlich davor auch gew\u00e4ssert. Auch an \u00e4lteren Bulben entstehen immer wieder Bl\u00fctenst\u00e4nde. Mir ist dazu aufgefallen, das sich in meiner Sammlung meist diese f\u00e4cherf\u00f6rmig bl\u00fchenden Bulbophyllen finden, welche fr\u00fcher einmal <em>Cirrhopetalum<\/em> genannt wurden.<\/p>\n<figure id=\"attachment_1529\" aria-describedby=\"caption-attachment-1529\" style=\"width: 660px\" class=\"wp-caption aligncenter\"><a href=\"http:\/\/blog.orchideen-journal.de\/wp-content\/uploads\/2020\/08\/50-B.-pecteveneris.jpg\"><img loading=\"lazy\" decoding=\"async\" class=\"size-large wp-image-1529\" src=\"http:\/\/blog.orchideen-journal.de\/wp-content\/uploads\/2020\/08\/50-B.-pecteveneris-685x1024.jpg\" alt=\"\" width=\"660\" height=\"987\" srcset=\"https:\/\/orchideen-journal.de\/wp-content\/uploads\/2020\/08\/50-B.-pecteveneris-685x1024.jpg 685w, https:\/\/orchideen-journal.de\/wp-content\/uploads\/2020\/08\/50-B.-pecteveneris-201x300.jpg 201w, https:\/\/orchideen-journal.de\/wp-content\/uploads\/2020\/08\/50-B.-pecteveneris-768x1148.jpg 768w, https:\/\/orchideen-journal.de\/wp-content\/uploads\/2020\/08\/50-B.-pecteveneris.jpg 1520w\" sizes=\"(max-width: 660px) 100vw, 660px\" \/><\/a><figcaption id=\"caption-attachment-1529\" class=\"wp-caption-text\">Bulbophyllum pecteveneris<\/figcaption><\/figure>\n","protected":false},"excerpt":{"rendered":"<p>Leider bin ich mir immer noch nicht sicher, wie diese Orchidee eigentlich korrekt zu nennen ist. Mir ist aufgefallen, dass beide Namen immer mal wieder munter durcheinander benutzt werden. Egal, denn dieses Bulbophyllum ist echt sehr sch\u00f6n, bleibt klein und w\u00e4chst bei mir in einem kleinen Topf mit Rindensubstrat. Sie h\u00e4ngt relativ schattig, wird aber &hellip; <\/p>\n<p class=\"link-more\"><a href=\"https:\/\/orchideen-journal.de\/?p=1528\" class=\"more-link\"><span class=\"screen-reader-text\">\u201eBulbophyllum tingabarinum oder doch pecten-veneris\u201c<\/span> weiterlesen<\/a><\/p>\n","protected":false},"author":3,"featured_media":0,"comment_status":"open","ping_status":"open","sticky":false,"template":"","format":"standard","meta":{"footnotes":""},"categories":[1],"tags":[],"_links":{"self":[{"href":"https:\/\/orchideen-journal.de\/index.php?rest_route=\/wp\/v2\/posts\/1528"}],"collection":[{"href":"https:\/\/orchideen-journal.de\/index.php?rest_route=\/wp\/v2\/posts"}],"about":[{"href":"https:\/\/orchideen-journal.de\/index.php?rest_route=\/wp\/v2\/types\/post"}],"author":[{"embeddable":true,"href":"https:\/\/orchideen-journal.de\/index.php?rest_route=\/wp\/v2\/users\/3"}],"replies":[{"embeddable":true,"href":"https:\/\/orchideen-journal.de\/index.php?rest_route=%2Fwp%2Fv2%2Fcomments&post=1528"}],"version-history":[{"count":1,"href":"https:\/\/orchideen-journal.de\/index.php?rest_route=\/wp\/v2\/posts\/1528\/revisions"}],"predecessor-version":[{"id":1530,"href":"https:\/\/orchideen-journal.de\/index.php?rest_route=\/wp\/v2\/posts\/1528\/revisions\/1530"}],"wp:attachment":[{"href":"https:\/\/orchideen-journal.de\/index.php?rest_route=%2Fwp%2Fv2%2Fmedia&parent=1528"}],"wp:term":[{"taxonomy":"category","embeddable":true,"href":"https:\/\/orchideen-journal.de\/index.php?rest_route=%2Fwp%2Fv2%2Fcategories&post=1528"},{"taxonomy":"post_tag","embeddable":true,"href":"https:\/\/orchideen-journal.de\/index.php?rest_route=%2Fwp%2Fv2%2Ftags&post=1528"}],"curies":[{"name":"wp","href":"https:\/\/api.w.org\/{rel}","templated":true}]}}