{"id":1480,"date":"2020-05-04T11:46:21","date_gmt":"2020-05-04T11:46:21","guid":{"rendered":"http:\/\/blog.orchideen-journal.de\/?p=1480"},"modified":"2020-05-04T11:46:21","modified_gmt":"2020-05-04T11:46:21","slug":"dendrobium-stardust-wieder-eine-hybride-in-bluete","status":"publish","type":"post","link":"https:\/\/orchideen-journal.de\/?p=1480","title":{"rendered":"Dendrobium Stardust wieder eine Hybride in Bl\u00fcte"},"content":{"rendered":"<p>Anl\u00e4sslich der Weltorchideenkonferenz 2002 in Shah Alam Malaysia habe ich diese Hybride zu ersten Mal gesehen und war von ihrer Farbe fasziniert. An anderer Stelle in diesem blog habe ich schon zur Entstehung der \u00a0Hybride etwas geschrieben. Kultur nach wie vor im kalten\/temperierten Haus, sehr hell. Bl\u00fcte im Fr\u00fchjahr, leider hatte ich im vergangenen Jahr sehr warme Bedingungen im Sommer, sodass der Topf mit grobem Substrat oft sehr trocken war. Hoffentlich erhalte ich dieses Jahr bessere Bulben. In der Wachstumszeit regelm\u00e4\u00dfig d\u00fcngen. Ich d\u00fcnge mit einer ca. 300 Mikrosiemensl\u00f6sung auch \u00fcber die Bl\u00e4tter.<\/p>\n<figure id=\"attachment_1481\" aria-describedby=\"caption-attachment-1481\" style=\"width: 660px\" class=\"wp-caption aligncenter\"><a href=\"http:\/\/blog.orchideen-journal.de\/wp-content\/uploads\/2020\/05\/Melb-Malaysia-171.jpg\"><img loading=\"lazy\" decoding=\"async\" class=\"size-large wp-image-1481\" src=\"http:\/\/blog.orchideen-journal.de\/wp-content\/uploads\/2020\/05\/Melb-Malaysia-171-1024x768.jpg\" alt=\"\" width=\"660\" height=\"495\" srcset=\"https:\/\/orchideen-journal.de\/wp-content\/uploads\/2020\/05\/Melb-Malaysia-171-1024x768.jpg 1024w, https:\/\/orchideen-journal.de\/wp-content\/uploads\/2020\/05\/Melb-Malaysia-171-300x225.jpg 300w, https:\/\/orchideen-journal.de\/wp-content\/uploads\/2020\/05\/Melb-Malaysia-171-768x576.jpg 768w, https:\/\/orchideen-journal.de\/wp-content\/uploads\/2020\/05\/Melb-Malaysia-171.jpg 1134w\" sizes=\"(max-width: 660px) 100vw, 660px\" \/><\/a><figcaption id=\"caption-attachment-1481\" class=\"wp-caption-text\">Dendrobium Stardust<\/figcaption><\/figure>\n<p>&nbsp;<\/p>\n<p>Zu erw\u00e4hnen, es gibt inzwischen auch eine gelbe Stardust. Falls jemand eine Bezugsquelle kennt, bitte per mail melden.<\/p>\n","protected":false},"excerpt":{"rendered":"<p>Anl\u00e4sslich der Weltorchideenkonferenz 2002 in Shah Alam Malaysia habe ich diese Hybride zu ersten Mal gesehen und war von ihrer Farbe fasziniert. An anderer Stelle in diesem blog habe ich schon zur Entstehung der \u00a0Hybride etwas geschrieben. Kultur nach wie vor im kalten\/temperierten Haus, sehr hell. Bl\u00fcte im Fr\u00fchjahr, leider hatte ich im vergangenen Jahr &hellip; <\/p>\n<p class=\"link-more\"><a href=\"https:\/\/orchideen-journal.de\/?p=1480\" class=\"more-link\"><span class=\"screen-reader-text\">\u201eDendrobium Stardust wieder eine Hybride in Bl\u00fcte\u201c<\/span> weiterlesen<\/a><\/p>\n","protected":false},"author":3,"featured_media":0,"comment_status":"open","ping_status":"open","sticky":false,"template":"","format":"standard","meta":{"footnotes":""},"categories":[1],"tags":[],"_links":{"self":[{"href":"https:\/\/orchideen-journal.de\/index.php?rest_route=\/wp\/v2\/posts\/1480"}],"collection":[{"href":"https:\/\/orchideen-journal.de\/index.php?rest_route=\/wp\/v2\/posts"}],"about":[{"href":"https:\/\/orchideen-journal.de\/index.php?rest_route=\/wp\/v2\/types\/post"}],"author":[{"embeddable":true,"href":"https:\/\/orchideen-journal.de\/index.php?rest_route=\/wp\/v2\/users\/3"}],"replies":[{"embeddable":true,"href":"https:\/\/orchideen-journal.de\/index.php?rest_route=%2Fwp%2Fv2%2Fcomments&post=1480"}],"version-history":[{"count":1,"href":"https:\/\/orchideen-journal.de\/index.php?rest_route=\/wp\/v2\/posts\/1480\/revisions"}],"predecessor-version":[{"id":1482,"href":"https:\/\/orchideen-journal.de\/index.php?rest_route=\/wp\/v2\/posts\/1480\/revisions\/1482"}],"wp:attachment":[{"href":"https:\/\/orchideen-journal.de\/index.php?rest_route=%2Fwp%2Fv2%2Fmedia&parent=1480"}],"wp:term":[{"taxonomy":"category","embeddable":true,"href":"https:\/\/orchideen-journal.de\/index.php?rest_route=%2Fwp%2Fv2%2Fcategories&post=1480"},{"taxonomy":"post_tag","embeddable":true,"href":"https:\/\/orchideen-journal.de\/index.php?rest_route=%2Fwp%2Fv2%2Ftags&post=1480"}],"curies":[{"name":"wp","href":"https:\/\/api.w.org\/{rel}","templated":true}]}}