{"id":1450,"date":"2020-04-01T16:03:24","date_gmt":"2020-04-01T16:03:24","guid":{"rendered":"http:\/\/blog.orchideen-journal.de\/?p=1450"},"modified":"2020-04-01T16:03:24","modified_gmt":"2020-04-01T16:03:24","slug":"dimeandra-emarginata-alba","status":"publish","type":"post","link":"https:\/\/orchideen-journal.de\/?p=1450","title":{"rendered":"Dimeandra emarginata alba"},"content":{"rendered":"<p>Mitte der 1990er Jahre war ich regelm\u00e4\u00dfig in der G\u00e4rtnerei von Frau Netzer in Birkenau zu Gast.Damals war mir eine Orchidee aufgefallen, die kleine mehr oder weniger Cattleya \u00e4hnliche Bl\u00fcten hatte. Ichhabe mehrfach versucht diese Orchidee zu kaufen, \u00a0leider ohne Erfolg. Vor einigen Wochen habe ich zuf\u00e4llig in der Schwerter Orchideeng\u00e4rtnerei eine solche Pflanze gefunden. Es war im Gegensatz zur damaligen Pflanze eine alba-Form. Die Pflanze ist gar nicht so selten, \u00a0sie kommt in fast allen L\u00e4ndern S\u00fcdamerikas vor, in H\u00f6henlagen bis 800 m, was darauf hindeutet, \u00a0sie ist w\u00e4rmer zu kultivieren. Sie hat relativ d\u00fcnne Triebe und schmale Bl\u00e4tter. Die Bl\u00fcten entstehen endst\u00e4ndig auch an \u00e4lteren Trieben. Es bilden sich mehrere, die nacheinander aufbl\u00fchen. \u00a0Durch die sonnigen Tage der vergangenen Wochen hat sie bei mir mit der Bl\u00fcte begonnen. \u00dcber die Haltbarkeit der Einzelbl\u00fcte kann ich noch keine Angaben machen.<\/p>\n<figure id=\"attachment_1451\" aria-describedby=\"caption-attachment-1451\" style=\"width: 660px\" class=\"wp-caption aligncenter\"><a href=\"http:\/\/blog.orchideen-journal.de\/wp-content\/uploads\/2020\/04\/IMG_0136.jpg\"><img loading=\"lazy\" decoding=\"async\" class=\"size-large wp-image-1451\" src=\"http:\/\/blog.orchideen-journal.de\/wp-content\/uploads\/2020\/04\/IMG_0136-1024x683.jpg\" alt=\"\" width=\"660\" height=\"440\" srcset=\"https:\/\/orchideen-journal.de\/wp-content\/uploads\/2020\/04\/IMG_0136-1024x683.jpg 1024w, https:\/\/orchideen-journal.de\/wp-content\/uploads\/2020\/04\/IMG_0136-300x200.jpg 300w, https:\/\/orchideen-journal.de\/wp-content\/uploads\/2020\/04\/IMG_0136-768x512.jpg 768w, https:\/\/orchideen-journal.de\/wp-content\/uploads\/2020\/04\/IMG_0136.jpg 1701w\" sizes=\"(max-width: 660px) 100vw, 660px\" \/><\/a><figcaption id=\"caption-attachment-1451\" class=\"wp-caption-text\">Dimeandra emarginata<\/figcaption><\/figure>\n","protected":false},"excerpt":{"rendered":"<p>Mitte der 1990er Jahre war ich regelm\u00e4\u00dfig in der G\u00e4rtnerei von Frau Netzer in Birkenau zu Gast.Damals war mir eine Orchidee aufgefallen, die kleine mehr oder weniger Cattleya \u00e4hnliche Bl\u00fcten hatte. Ichhabe mehrfach versucht diese Orchidee zu kaufen, \u00a0leider ohne Erfolg. Vor einigen Wochen habe ich zuf\u00e4llig in der Schwerter Orchideeng\u00e4rtnerei eine solche Pflanze gefunden. &hellip; <\/p>\n<p class=\"link-more\"><a href=\"https:\/\/orchideen-journal.de\/?p=1450\" class=\"more-link\"><span class=\"screen-reader-text\">\u201eDimeandra emarginata alba\u201c<\/span> weiterlesen<\/a><\/p>\n","protected":false},"author":3,"featured_media":0,"comment_status":"open","ping_status":"open","sticky":false,"template":"","format":"standard","meta":{"footnotes":""},"categories":[1],"tags":[],"_links":{"self":[{"href":"https:\/\/orchideen-journal.de\/index.php?rest_route=\/wp\/v2\/posts\/1450"}],"collection":[{"href":"https:\/\/orchideen-journal.de\/index.php?rest_route=\/wp\/v2\/posts"}],"about":[{"href":"https:\/\/orchideen-journal.de\/index.php?rest_route=\/wp\/v2\/types\/post"}],"author":[{"embeddable":true,"href":"https:\/\/orchideen-journal.de\/index.php?rest_route=\/wp\/v2\/users\/3"}],"replies":[{"embeddable":true,"href":"https:\/\/orchideen-journal.de\/index.php?rest_route=%2Fwp%2Fv2%2Fcomments&post=1450"}],"version-history":[{"count":1,"href":"https:\/\/orchideen-journal.de\/index.php?rest_route=\/wp\/v2\/posts\/1450\/revisions"}],"predecessor-version":[{"id":1452,"href":"https:\/\/orchideen-journal.de\/index.php?rest_route=\/wp\/v2\/posts\/1450\/revisions\/1452"}],"wp:attachment":[{"href":"https:\/\/orchideen-journal.de\/index.php?rest_route=%2Fwp%2Fv2%2Fmedia&parent=1450"}],"wp:term":[{"taxonomy":"category","embeddable":true,"href":"https:\/\/orchideen-journal.de\/index.php?rest_route=%2Fwp%2Fv2%2Fcategories&post=1450"},{"taxonomy":"post_tag","embeddable":true,"href":"https:\/\/orchideen-journal.de\/index.php?rest_route=%2Fwp%2Fv2%2Ftags&post=1450"}],"curies":[{"name":"wp","href":"https:\/\/api.w.org\/{rel}","templated":true}]}}