{"id":1434,"date":"2020-03-13T15:08:39","date_gmt":"2020-03-13T15:08:39","guid":{"rendered":"http:\/\/blog.orchideen-journal.de\/?p=1434"},"modified":"2020-03-13T15:08:39","modified_gmt":"2020-03-13T15:08:39","slug":"dendrochilum-charisae","status":"publish","type":"post","link":"https:\/\/orchideen-journal.de\/?p=1434","title":{"rendered":"Dendrochilum charisae"},"content":{"rendered":"<p>Durch Kontakte auf die Philippinen kommen immer wieder einmal auch etwas seltenere Orchideen in meine Sammlung, werden dann irgendwie mit gepflegt und machen aber von Zeit zu Zeit mit Bl\u00fcten auf sich aufmerksam. Die Pflanze stammt sehr wahrscheinlich aus Budkinon auf Mindanao und w\u00e4chst angeblich als Epiphyt auf 1400 m \u00fcber NN. Kultur im \u00a0kleinen Topf mit Rindensubstrat. Bl\u00fcht mit dem Neutrieb.<\/p>\n<figure id=\"attachment_1435\" aria-describedby=\"caption-attachment-1435\" style=\"width: 660px\" class=\"wp-caption aligncenter\"><a href=\"http:\/\/blog.orchideen-journal.de\/wp-content\/uploads\/2020\/03\/IMG_0110.jpg\"><img loading=\"lazy\" decoding=\"async\" class=\"size-large wp-image-1435\" src=\"http:\/\/blog.orchideen-journal.de\/wp-content\/uploads\/2020\/03\/IMG_0110-683x1024.jpg\" alt=\"\" width=\"660\" height=\"990\" srcset=\"https:\/\/orchideen-journal.de\/wp-content\/uploads\/2020\/03\/IMG_0110-683x1024.jpg 683w, https:\/\/orchideen-journal.de\/wp-content\/uploads\/2020\/03\/IMG_0110-200x300.jpg 200w, https:\/\/orchideen-journal.de\/wp-content\/uploads\/2020\/03\/IMG_0110-768x1152.jpg 768w, https:\/\/orchideen-journal.de\/wp-content\/uploads\/2020\/03\/IMG_0110.jpg 1134w\" sizes=\"(max-width: 660px) 100vw, 660px\" \/><\/a><figcaption id=\"caption-attachment-1435\" class=\"wp-caption-text\">Dendrochilum charisae<\/figcaption><\/figure>\n<figure id=\"attachment_1436\" aria-describedby=\"caption-attachment-1436\" style=\"width: 660px\" class=\"wp-caption aligncenter\"><a href=\"http:\/\/blog.orchideen-journal.de\/wp-content\/uploads\/2020\/03\/IMG_0111.jpg\"><img loading=\"lazy\" decoding=\"async\" class=\"size-large wp-image-1436\" src=\"http:\/\/blog.orchideen-journal.de\/wp-content\/uploads\/2020\/03\/IMG_0111-1024x683.jpg\" alt=\"\" width=\"660\" height=\"440\" srcset=\"https:\/\/orchideen-journal.de\/wp-content\/uploads\/2020\/03\/IMG_0111-1024x683.jpg 1024w, https:\/\/orchideen-journal.de\/wp-content\/uploads\/2020\/03\/IMG_0111-300x200.jpg 300w, https:\/\/orchideen-journal.de\/wp-content\/uploads\/2020\/03\/IMG_0111-768x512.jpg 768w, https:\/\/orchideen-journal.de\/wp-content\/uploads\/2020\/03\/IMG_0111.jpg 1134w\" sizes=\"(max-width: 660px) 100vw, 660px\" \/><\/a><figcaption id=\"caption-attachment-1436\" class=\"wp-caption-text\">Pflanze ist klein aber reichbl\u00fctig<\/figcaption><\/figure>\n","protected":false},"excerpt":{"rendered":"<p>Durch Kontakte auf die Philippinen kommen immer wieder einmal auch etwas seltenere Orchideen in meine Sammlung, werden dann irgendwie mit gepflegt und machen aber von Zeit zu Zeit mit Bl\u00fcten auf sich aufmerksam. Die Pflanze stammt sehr wahrscheinlich aus Budkinon auf Mindanao und w\u00e4chst angeblich als Epiphyt auf 1400 m \u00fcber NN. Kultur im \u00a0kleinen &hellip; <\/p>\n<p class=\"link-more\"><a href=\"https:\/\/orchideen-journal.de\/?p=1434\" class=\"more-link\"><span class=\"screen-reader-text\">\u201eDendrochilum charisae\u201c<\/span> weiterlesen<\/a><\/p>\n","protected":false},"author":3,"featured_media":0,"comment_status":"open","ping_status":"open","sticky":false,"template":"","format":"standard","meta":{"footnotes":""},"categories":[1],"tags":[],"_links":{"self":[{"href":"https:\/\/orchideen-journal.de\/index.php?rest_route=\/wp\/v2\/posts\/1434"}],"collection":[{"href":"https:\/\/orchideen-journal.de\/index.php?rest_route=\/wp\/v2\/posts"}],"about":[{"href":"https:\/\/orchideen-journal.de\/index.php?rest_route=\/wp\/v2\/types\/post"}],"author":[{"embeddable":true,"href":"https:\/\/orchideen-journal.de\/index.php?rest_route=\/wp\/v2\/users\/3"}],"replies":[{"embeddable":true,"href":"https:\/\/orchideen-journal.de\/index.php?rest_route=%2Fwp%2Fv2%2Fcomments&post=1434"}],"version-history":[{"count":1,"href":"https:\/\/orchideen-journal.de\/index.php?rest_route=\/wp\/v2\/posts\/1434\/revisions"}],"predecessor-version":[{"id":1437,"href":"https:\/\/orchideen-journal.de\/index.php?rest_route=\/wp\/v2\/posts\/1434\/revisions\/1437"}],"wp:attachment":[{"href":"https:\/\/orchideen-journal.de\/index.php?rest_route=%2Fwp%2Fv2%2Fmedia&parent=1434"}],"wp:term":[{"taxonomy":"category","embeddable":true,"href":"https:\/\/orchideen-journal.de\/index.php?rest_route=%2Fwp%2Fv2%2Fcategories&post=1434"},{"taxonomy":"post_tag","embeddable":true,"href":"https:\/\/orchideen-journal.de\/index.php?rest_route=%2Fwp%2Fv2%2Ftags&post=1434"}],"curies":[{"name":"wp","href":"https:\/\/api.w.org\/{rel}","templated":true}]}}