{"id":1413,"date":"2020-02-14T14:51:47","date_gmt":"2020-02-14T14:51:47","guid":{"rendered":"http:\/\/blog.orchideen-journal.de\/?p=1413"},"modified":"2020-02-14T14:51:47","modified_gmt":"2020-02-14T14:51:47","slug":"dendrobium-annae-neu-in-meiner-sammlung","status":"publish","type":"post","link":"https:\/\/orchideen-journal.de\/?p=1413","title":{"rendered":"Dendrobium annae neu in meiner Sammlung"},"content":{"rendered":"<p>Die Firma Akerne in Belgien hat vor einigen Jahren diese <em>Dendrobium<\/em> in ihrer Anzeige verwendet, ich hatte es vorher noch nie irgendwo gesehen, weder auf Ausstellungen noch in irgendeiner Abbildung in B\u00fcchern oder Orchideenzeitschriften, dann aber wieder aus den Augen verloren. \u00a0Anl\u00e4sslich der Beschreibung des<em> Dendrobium nafisae<\/em> im Orchideenjournal war in der Beschreibung als nahe Verwandte der neuen Orchidee wieder von <em>Dendrobium annae<\/em> die Rede. Da ich zu diesem Zeitpunkt sowieso eine Fahrt zu einem Orchideenfreund in Belgien plante und Kenneth Bruynincks von Akerne \u00a0diesen Orchideenfreund an eben diesem Tag auch besuchte wollte, bestellte ich mir eine Pflanze, die nach \u00fcber 7 Monaten jetzt das erste Mal bl\u00fcht.<\/p>\n<figure id=\"attachment_1414\" aria-describedby=\"caption-attachment-1414\" style=\"width: 660px\" class=\"wp-caption aligncenter\"><a href=\"http:\/\/blog.orchideen-journal.de\/wp-content\/uploads\/2020\/02\/IMG_0085.jpg\"><img loading=\"lazy\" decoding=\"async\" class=\"size-large wp-image-1414\" src=\"http:\/\/blog.orchideen-journal.de\/wp-content\/uploads\/2020\/02\/IMG_0085-1024x683.jpg\" alt=\"\" width=\"660\" height=\"440\" srcset=\"https:\/\/orchideen-journal.de\/wp-content\/uploads\/2020\/02\/IMG_0085-1024x683.jpg 1024w, https:\/\/orchideen-journal.de\/wp-content\/uploads\/2020\/02\/IMG_0085-300x200.jpg 300w, https:\/\/orchideen-journal.de\/wp-content\/uploads\/2020\/02\/IMG_0085-768x512.jpg 768w, https:\/\/orchideen-journal.de\/wp-content\/uploads\/2020\/02\/IMG_0085.jpg 1701w\" sizes=\"(max-width: 660px) 100vw, 660px\" \/><\/a><figcaption id=\"caption-attachment-1414\" class=\"wp-caption-text\">Dendrobium annae<\/figcaption><\/figure>\n<p>Die Pflanze stammt aus Java und Sumatra, sie soll mittelgro\u00df bis gro\u00df sein. Die Bl\u00fcten entstehen endst\u00e4ndig und sind ungef\u00e4hr 5 cm im Durchmesser. Die Beschreibung erfolgte 1905 von J.J. Smith; der Name bezieht sich auf eine Anna.<\/p>\n<p>Kultur im Topf in durchl\u00e4ssigem Substrat, temperiert und hell aufgeh\u00e4ngt. Regelm\u00e4\u00dfig d\u00fcngen. Neutriebe sind anf\u00e4llig f\u00fcr Blattl\u00e4use und wahrscheinlich auch f\u00fcr Rote Spinne. Inzwischen habe ich eine zweite Pflanze von der Schwerter Orchideenzucht. Da die Pflanze mehrmals im Jahr bl\u00fcht, ist sie f\u00fcr die Sammlung eine Bereicherung. Die Bl\u00fcten halten ca. 3 Wochen.<\/p>\n","protected":false},"excerpt":{"rendered":"<p>Die Firma Akerne in Belgien hat vor einigen Jahren diese Dendrobium in ihrer Anzeige verwendet, ich hatte es vorher noch nie irgendwo gesehen, weder auf Ausstellungen noch in irgendeiner Abbildung in B\u00fcchern oder Orchideenzeitschriften, dann aber wieder aus den Augen verloren. \u00a0Anl\u00e4sslich der Beschreibung des Dendrobium nafisae im Orchideenjournal war in der Beschreibung als nahe &hellip; <\/p>\n<p class=\"link-more\"><a href=\"https:\/\/orchideen-journal.de\/?p=1413\" class=\"more-link\"><span class=\"screen-reader-text\">\u201eDendrobium annae neu in meiner Sammlung\u201c<\/span> weiterlesen<\/a><\/p>\n","protected":false},"author":3,"featured_media":0,"comment_status":"open","ping_status":"open","sticky":false,"template":"","format":"standard","meta":{"footnotes":""},"categories":[1],"tags":[],"_links":{"self":[{"href":"https:\/\/orchideen-journal.de\/index.php?rest_route=\/wp\/v2\/posts\/1413"}],"collection":[{"href":"https:\/\/orchideen-journal.de\/index.php?rest_route=\/wp\/v2\/posts"}],"about":[{"href":"https:\/\/orchideen-journal.de\/index.php?rest_route=\/wp\/v2\/types\/post"}],"author":[{"embeddable":true,"href":"https:\/\/orchideen-journal.de\/index.php?rest_route=\/wp\/v2\/users\/3"}],"replies":[{"embeddable":true,"href":"https:\/\/orchideen-journal.de\/index.php?rest_route=%2Fwp%2Fv2%2Fcomments&post=1413"}],"version-history":[{"count":1,"href":"https:\/\/orchideen-journal.de\/index.php?rest_route=\/wp\/v2\/posts\/1413\/revisions"}],"predecessor-version":[{"id":1415,"href":"https:\/\/orchideen-journal.de\/index.php?rest_route=\/wp\/v2\/posts\/1413\/revisions\/1415"}],"wp:attachment":[{"href":"https:\/\/orchideen-journal.de\/index.php?rest_route=%2Fwp%2Fv2%2Fmedia&parent=1413"}],"wp:term":[{"taxonomy":"category","embeddable":true,"href":"https:\/\/orchideen-journal.de\/index.php?rest_route=%2Fwp%2Fv2%2Fcategories&post=1413"},{"taxonomy":"post_tag","embeddable":true,"href":"https:\/\/orchideen-journal.de\/index.php?rest_route=%2Fwp%2Fv2%2Ftags&post=1413"}],"curies":[{"name":"wp","href":"https:\/\/api.w.org\/{rel}","templated":true}]}}