{"id":1363,"date":"2019-11-16T12:57:33","date_gmt":"2019-11-16T12:57:33","guid":{"rendered":"http:\/\/blog.orchideen-journal.de\/?p=1363"},"modified":"2019-11-16T12:57:33","modified_gmt":"2019-11-16T12:57:33","slug":"oncidium-onustum","status":"publish","type":"post","link":"https:\/\/orchideen-journal.de\/?p=1363","title":{"rendered":"Oncidium onustum"},"content":{"rendered":"<p>Eine meiner langj\u00e4hrigen Traumorchideen bl\u00fcht jetzt mitten in der dunklen Jahreszeit. Endlich habe ich diese Orchidee erfolgreich zum Bl\u00fchen gebracht. Habe mir im Fr\u00fchjahr Jungpflanzen also Nachzuchten davon von der Firma O&amp;M besorgt. Diese sind sehr hell im Giebel vom Gew\u00e4chshaus aufgeh\u00e4ngt und wurden \u00a0jeden Tag mit D\u00fcngerl\u00f6sung bespr\u00fcht. Aber in geringer Konzentration, damit weder Korkst\u00fcck noch Wurzeln Salzkrusten bildeten. Im Rahmen des normalen W\u00e4ssern wurden die Pflanzen dann immer wieder mal mit Wasser ohne D\u00fcnger bespr\u00fcht bzw. sozusagen getr\u00e4nkt.<\/p>\n<figure id=\"attachment_1364\" aria-describedby=\"caption-attachment-1364\" style=\"width: 660px\" class=\"wp-caption aligncenter\"><a href=\"http:\/\/blog.orchideen-journal.de\/wp-content\/uploads\/2019\/11\/IMG_9925.jpg\"><img loading=\"lazy\" decoding=\"async\" class=\"size-large wp-image-1364\" src=\"http:\/\/blog.orchideen-journal.de\/wp-content\/uploads\/2019\/11\/IMG_9925-1024x683.jpg\" alt=\"\" width=\"660\" height=\"440\" srcset=\"https:\/\/orchideen-journal.de\/wp-content\/uploads\/2019\/11\/IMG_9925-1024x683.jpg 1024w, https:\/\/orchideen-journal.de\/wp-content\/uploads\/2019\/11\/IMG_9925-300x200.jpg 300w, https:\/\/orchideen-journal.de\/wp-content\/uploads\/2019\/11\/IMG_9925-768x512.jpg 768w, https:\/\/orchideen-journal.de\/wp-content\/uploads\/2019\/11\/IMG_9925.jpg 1701w\" sizes=\"(max-width: 660px) 100vw, 660px\" \/><\/a><figcaption id=\"caption-attachment-1364\" class=\"wp-caption-text\">Oncidium unustum<\/figcaption><\/figure>\n<p>Bis jetzt habe ich den Eindruck, dass eine \u00a0in Deutschland kultivierte Nachzucht leichter einzugew\u00f6hnen ist. Mal sehen wie die Pflanzen den Winter \u00fcberstehen.<\/p>\n<p>Eigentlich hat die Pflanze den Namen <em>Zelenkoa<\/em> <em>onusta<\/em>, nach meinem Orchideenfreund Harry Zelenko, der in Quito, Ecuador, eine gro\u00dfe Orchideensammlung pflegt.<\/p>\n<figure id=\"attachment_1365\" aria-describedby=\"caption-attachment-1365\" style=\"width: 660px\" class=\"wp-caption aligncenter\"><a href=\"http:\/\/blog.orchideen-journal.de\/wp-content\/uploads\/2019\/11\/IMG_9929.jpg\"><img loading=\"lazy\" decoding=\"async\" class=\"size-large wp-image-1365\" src=\"http:\/\/blog.orchideen-journal.de\/wp-content\/uploads\/2019\/11\/IMG_9929-683x1024.jpg\" alt=\"\" width=\"660\" height=\"990\" srcset=\"https:\/\/orchideen-journal.de\/wp-content\/uploads\/2019\/11\/IMG_9929-683x1024.jpg 683w, https:\/\/orchideen-journal.de\/wp-content\/uploads\/2019\/11\/IMG_9929-200x300.jpg 200w, https:\/\/orchideen-journal.de\/wp-content\/uploads\/2019\/11\/IMG_9929-768x1152.jpg 768w, https:\/\/orchideen-journal.de\/wp-content\/uploads\/2019\/11\/IMG_9929.jpg 1701w\" sizes=\"(max-width: 660px) 100vw, 660px\" \/><\/a><figcaption id=\"caption-attachment-1365\" class=\"wp-caption-text\">Oncidium onustum<br \/>Bl\u00fctenstand<\/figcaption><\/figure>\n<figure id=\"attachment_1366\" aria-describedby=\"caption-attachment-1366\" style=\"width: 660px\" class=\"wp-caption aligncenter\"><a href=\"http:\/\/blog.orchideen-journal.de\/wp-content\/uploads\/2019\/11\/IMG_9936.jpg\"><img loading=\"lazy\" decoding=\"async\" class=\"size-large wp-image-1366\" src=\"http:\/\/blog.orchideen-journal.de\/wp-content\/uploads\/2019\/11\/IMG_9936-683x1024.jpg\" alt=\"\" width=\"660\" height=\"990\" srcset=\"https:\/\/orchideen-journal.de\/wp-content\/uploads\/2019\/11\/IMG_9936-683x1024.jpg 683w, https:\/\/orchideen-journal.de\/wp-content\/uploads\/2019\/11\/IMG_9936-200x300.jpg 200w, https:\/\/orchideen-journal.de\/wp-content\/uploads\/2019\/11\/IMG_9936-768x1152.jpg 768w, https:\/\/orchideen-journal.de\/wp-content\/uploads\/2019\/11\/IMG_9936.jpg 1417w\" sizes=\"(max-width: 660px) 100vw, 660px\" \/><\/a><figcaption id=\"caption-attachment-1366\" class=\"wp-caption-text\">Pflanze aufgebunden auf Kork<\/figcaption><\/figure>\n","protected":false},"excerpt":{"rendered":"<p>Eine meiner langj\u00e4hrigen Traumorchideen bl\u00fcht jetzt mitten in der dunklen Jahreszeit. Endlich habe ich diese Orchidee erfolgreich zum Bl\u00fchen gebracht. Habe mir im Fr\u00fchjahr Jungpflanzen also Nachzuchten davon von der Firma O&amp;M besorgt. Diese sind sehr hell im Giebel vom Gew\u00e4chshaus aufgeh\u00e4ngt und wurden \u00a0jeden Tag mit D\u00fcngerl\u00f6sung bespr\u00fcht. Aber in geringer Konzentration, damit weder &hellip; <\/p>\n<p class=\"link-more\"><a href=\"https:\/\/orchideen-journal.de\/?p=1363\" class=\"more-link\"><span class=\"screen-reader-text\">\u201eOncidium onustum\u201c<\/span> weiterlesen<\/a><\/p>\n","protected":false},"author":3,"featured_media":0,"comment_status":"open","ping_status":"open","sticky":false,"template":"","format":"standard","meta":{"footnotes":""},"categories":[1],"tags":[],"_links":{"self":[{"href":"https:\/\/orchideen-journal.de\/index.php?rest_route=\/wp\/v2\/posts\/1363"}],"collection":[{"href":"https:\/\/orchideen-journal.de\/index.php?rest_route=\/wp\/v2\/posts"}],"about":[{"href":"https:\/\/orchideen-journal.de\/index.php?rest_route=\/wp\/v2\/types\/post"}],"author":[{"embeddable":true,"href":"https:\/\/orchideen-journal.de\/index.php?rest_route=\/wp\/v2\/users\/3"}],"replies":[{"embeddable":true,"href":"https:\/\/orchideen-journal.de\/index.php?rest_route=%2Fwp%2Fv2%2Fcomments&post=1363"}],"version-history":[{"count":1,"href":"https:\/\/orchideen-journal.de\/index.php?rest_route=\/wp\/v2\/posts\/1363\/revisions"}],"predecessor-version":[{"id":1367,"href":"https:\/\/orchideen-journal.de\/index.php?rest_route=\/wp\/v2\/posts\/1363\/revisions\/1367"}],"wp:attachment":[{"href":"https:\/\/orchideen-journal.de\/index.php?rest_route=%2Fwp%2Fv2%2Fmedia&parent=1363"}],"wp:term":[{"taxonomy":"category","embeddable":true,"href":"https:\/\/orchideen-journal.de\/index.php?rest_route=%2Fwp%2Fv2%2Fcategories&post=1363"},{"taxonomy":"post_tag","embeddable":true,"href":"https:\/\/orchideen-journal.de\/index.php?rest_route=%2Fwp%2Fv2%2Ftags&post=1363"}],"curies":[{"name":"wp","href":"https:\/\/api.w.org\/{rel}","templated":true}]}}