{"id":1344,"date":"2019-10-15T15:02:27","date_gmt":"2019-10-15T15:02:27","guid":{"rendered":"http:\/\/blog.orchideen-journal.de\/?p=1344"},"modified":"2019-10-15T15:03:46","modified_gmt":"2019-10-15T15:03:46","slug":"lycaste-aromatica","status":"publish","type":"post","link":"https:\/\/orchideen-journal.de\/?p=1344","title":{"rendered":"Lycaste aromatica"},"content":{"rendered":"<p>Angeblich kann man diese Orchidee von kalt bis warm kultivieren. Ich halte sie jetzt eher kalt. Sie stammt auch aus der Sammlung meines Orchideenfreundes, der mir \u00a0am Ende des Sommers \u00fcberz\u00e4hlige St\u00fccke geschenkt hat. Die Pflanze hat sehr gro\u00dfe Bl\u00e4tter und recht gro\u00dfe Bulben bis an 10 cm heran. Normalerweise erscheinen die Bl\u00fcten im Fr\u00fchjahr mit den Neutrieben (nach einer Trockenzeit). Komischerweise bl\u00fcht sie jetzt.<\/p>\n<figure id=\"attachment_1345\" aria-describedby=\"caption-attachment-1345\" style=\"width: 660px\" class=\"wp-caption aligncenter\"><a href=\"http:\/\/blog.orchideen-journal.de\/wp-content\/uploads\/2019\/10\/IMG_9875.jpg\"><img loading=\"lazy\" decoding=\"async\" class=\"size-large wp-image-1345\" src=\"http:\/\/blog.orchideen-journal.de\/wp-content\/uploads\/2019\/10\/IMG_9875-1024x683.jpg\" alt=\"\" width=\"660\" height=\"440\" srcset=\"https:\/\/orchideen-journal.de\/wp-content\/uploads\/2019\/10\/IMG_9875-1024x683.jpg 1024w, https:\/\/orchideen-journal.de\/wp-content\/uploads\/2019\/10\/IMG_9875-300x200.jpg 300w, https:\/\/orchideen-journal.de\/wp-content\/uploads\/2019\/10\/IMG_9875-768x512.jpg 768w, https:\/\/orchideen-journal.de\/wp-content\/uploads\/2019\/10\/IMG_9875.jpg 1701w\" sizes=\"(max-width: 660px) 100vw, 660px\" \/><\/a><figcaption id=\"caption-attachment-1345\" class=\"wp-caption-text\">Lycaste aromatica<\/figcaption><\/figure>\n<p>Die Pflanze w\u00e4chst als Epiphyt in Astgabeln oder als Lithophyt auf dem Boden an H\u00e4ngen oder sogar als Erdorchidee in Eichenw\u00e4ldern in Mexiko, Guatemala, El Salvador und Honduras. H\u00f6henlagen von 500-2000m. Wurde von Lindley 1843 beschrieben. Kultur in gr\u00f6\u00dferem Topf mit durchl\u00e4ssigem Rindensubstrat, ausreichend mit D\u00fcnger versorgen und reichlich W\u00e4ssern w\u00e4hrend des Wachstums.<\/p>\n","protected":false},"excerpt":{"rendered":"<p>Angeblich kann man diese Orchidee von kalt bis warm kultivieren. Ich halte sie jetzt eher kalt. Sie stammt auch aus der Sammlung meines Orchideenfreundes, der mir \u00a0am Ende des Sommers \u00fcberz\u00e4hlige St\u00fccke geschenkt hat. Die Pflanze hat sehr gro\u00dfe Bl\u00e4tter und recht gro\u00dfe Bulben bis an 10 cm heran. Normalerweise erscheinen die Bl\u00fcten im Fr\u00fchjahr &hellip; <\/p>\n<p class=\"link-more\"><a href=\"https:\/\/orchideen-journal.de\/?p=1344\" class=\"more-link\"><span class=\"screen-reader-text\">\u201eLycaste aromatica\u201c<\/span> weiterlesen<\/a><\/p>\n","protected":false},"author":3,"featured_media":0,"comment_status":"open","ping_status":"open","sticky":false,"template":"","format":"standard","meta":{"footnotes":""},"categories":[1],"tags":[],"_links":{"self":[{"href":"https:\/\/orchideen-journal.de\/index.php?rest_route=\/wp\/v2\/posts\/1344"}],"collection":[{"href":"https:\/\/orchideen-journal.de\/index.php?rest_route=\/wp\/v2\/posts"}],"about":[{"href":"https:\/\/orchideen-journal.de\/index.php?rest_route=\/wp\/v2\/types\/post"}],"author":[{"embeddable":true,"href":"https:\/\/orchideen-journal.de\/index.php?rest_route=\/wp\/v2\/users\/3"}],"replies":[{"embeddable":true,"href":"https:\/\/orchideen-journal.de\/index.php?rest_route=%2Fwp%2Fv2%2Fcomments&post=1344"}],"version-history":[{"count":2,"href":"https:\/\/orchideen-journal.de\/index.php?rest_route=\/wp\/v2\/posts\/1344\/revisions"}],"predecessor-version":[{"id":1347,"href":"https:\/\/orchideen-journal.de\/index.php?rest_route=\/wp\/v2\/posts\/1344\/revisions\/1347"}],"wp:attachment":[{"href":"https:\/\/orchideen-journal.de\/index.php?rest_route=%2Fwp%2Fv2%2Fmedia&parent=1344"}],"wp:term":[{"taxonomy":"category","embeddable":true,"href":"https:\/\/orchideen-journal.de\/index.php?rest_route=%2Fwp%2Fv2%2Fcategories&post=1344"},{"taxonomy":"post_tag","embeddable":true,"href":"https:\/\/orchideen-journal.de\/index.php?rest_route=%2Fwp%2Fv2%2Ftags&post=1344"}],"curies":[{"name":"wp","href":"https:\/\/api.w.org\/{rel}","templated":true}]}}