{"id":1338,"date":"2019-10-11T13:15:01","date_gmt":"2019-10-11T13:15:01","guid":{"rendered":"http:\/\/blog.orchideen-journal.de\/?p=1338"},"modified":"2019-10-11T13:15:01","modified_gmt":"2019-10-11T13:15:01","slug":"rhynchostele-ehrenbergii","status":"publish","type":"post","link":"https:\/\/orchideen-journal.de\/?p=1338","title":{"rendered":"Rhynchostele ehrenbergii"},"content":{"rendered":"<p>Immer wenn mein <em>Odontoglossum<\/em> sammelnder Orchideenfreund seine Orchideen ins Winterquartier r\u00e4umt, verkleinert er seine Sammlung bzw. \u00fcber den Sommer werden seine Pflanzen z.B. durch Teilung mehr, sodass er dann St\u00fccke abgibt. So auch dieses Jahr. Und manchmal sind dann St\u00fccke dabei, die ich noch nicht habe. Dieses Mal war es <em>Rhynchostele ehrenbergii<\/em> und zwar eine gro\u00dfe Pflanze mit vielen Bl\u00fcten. Aufgebunden kultiviert, diese bl\u00fcht offenbar mit dem Neutrieb.<\/p>\n<figure id=\"attachment_1339\" aria-describedby=\"caption-attachment-1339\" style=\"width: 660px\" class=\"wp-caption aligncenter\"><a href=\"http:\/\/blog.orchideen-journal.de\/wp-content\/uploads\/2019\/10\/IMG_9863.jpg\"><img loading=\"lazy\" decoding=\"async\" class=\"size-large wp-image-1339\" src=\"http:\/\/blog.orchideen-journal.de\/wp-content\/uploads\/2019\/10\/IMG_9863-1024x683.jpg\" alt=\"\" width=\"660\" height=\"440\" srcset=\"https:\/\/orchideen-journal.de\/wp-content\/uploads\/2019\/10\/IMG_9863-1024x683.jpg 1024w, https:\/\/orchideen-journal.de\/wp-content\/uploads\/2019\/10\/IMG_9863-300x200.jpg 300w, https:\/\/orchideen-journal.de\/wp-content\/uploads\/2019\/10\/IMG_9863-768x512.jpg 768w, https:\/\/orchideen-journal.de\/wp-content\/uploads\/2019\/10\/IMG_9863.jpg 1984w\" sizes=\"(max-width: 660px) 100vw, 660px\" \/><\/a><figcaption id=\"caption-attachment-1339\" class=\"wp-caption-text\">Rhynchostele ehrenbergii<\/figcaption><\/figure>\n<p>Die Pflanze wurde 1993 zur Gattung <em>Rhynchostele<\/em> gestellt und war davor <em>Odontoglossum<\/em> <em>ehrenbergii<\/em>. Ehrenberg war ein deutscher Botaniker und Sammler im 19. Jahrhundert. Pflanze stammt aus Mexiko und wurde 1841 als <em>Odontoglossum<\/em> beschrieben.<\/p>\n<p>Kultur: Ich denke eher k\u00fchl und Bl\u00fctezeit am Standort im Fr\u00fchjahr. Die jetzige Bl\u00fcte k\u00f6nnte am warmen Sommer liegen?<\/p>\n","protected":false},"excerpt":{"rendered":"<p>Immer wenn mein Odontoglossum sammelnder Orchideenfreund seine Orchideen ins Winterquartier r\u00e4umt, verkleinert er seine Sammlung bzw. \u00fcber den Sommer werden seine Pflanzen z.B. durch Teilung mehr, sodass er dann St\u00fccke abgibt. So auch dieses Jahr. Und manchmal sind dann St\u00fccke dabei, die ich noch nicht habe. Dieses Mal war es Rhynchostele ehrenbergii und zwar eine &hellip; <\/p>\n<p class=\"link-more\"><a href=\"https:\/\/orchideen-journal.de\/?p=1338\" class=\"more-link\"><span class=\"screen-reader-text\">\u201eRhynchostele ehrenbergii\u201c<\/span> weiterlesen<\/a><\/p>\n","protected":false},"author":3,"featured_media":0,"comment_status":"open","ping_status":"open","sticky":false,"template":"","format":"standard","meta":{"footnotes":""},"categories":[1],"tags":[],"_links":{"self":[{"href":"https:\/\/orchideen-journal.de\/index.php?rest_route=\/wp\/v2\/posts\/1338"}],"collection":[{"href":"https:\/\/orchideen-journal.de\/index.php?rest_route=\/wp\/v2\/posts"}],"about":[{"href":"https:\/\/orchideen-journal.de\/index.php?rest_route=\/wp\/v2\/types\/post"}],"author":[{"embeddable":true,"href":"https:\/\/orchideen-journal.de\/index.php?rest_route=\/wp\/v2\/users\/3"}],"replies":[{"embeddable":true,"href":"https:\/\/orchideen-journal.de\/index.php?rest_route=%2Fwp%2Fv2%2Fcomments&post=1338"}],"version-history":[{"count":1,"href":"https:\/\/orchideen-journal.de\/index.php?rest_route=\/wp\/v2\/posts\/1338\/revisions"}],"predecessor-version":[{"id":1340,"href":"https:\/\/orchideen-journal.de\/index.php?rest_route=\/wp\/v2\/posts\/1338\/revisions\/1340"}],"wp:attachment":[{"href":"https:\/\/orchideen-journal.de\/index.php?rest_route=%2Fwp%2Fv2%2Fmedia&parent=1338"}],"wp:term":[{"taxonomy":"category","embeddable":true,"href":"https:\/\/orchideen-journal.de\/index.php?rest_route=%2Fwp%2Fv2%2Fcategories&post=1338"},{"taxonomy":"post_tag","embeddable":true,"href":"https:\/\/orchideen-journal.de\/index.php?rest_route=%2Fwp%2Fv2%2Ftags&post=1338"}],"curies":[{"name":"wp","href":"https:\/\/api.w.org\/{rel}","templated":true}]}}