{"id":1167,"date":"2018-11-29T14:16:33","date_gmt":"2018-11-29T14:16:33","guid":{"rendered":"http:\/\/blog.orchideen-journal.de\/?p=1167"},"modified":"2018-11-29T14:17:08","modified_gmt":"2018-11-29T14:17:08","slug":"coelogyne-nitida-blueht-jetzt","status":"publish","type":"post","link":"https:\/\/orchideen-journal.de\/?p=1167","title":{"rendered":"Coelogyne nitida  bl\u00fcht jetzt"},"content":{"rendered":"<p>Durch den sehr hei\u00dfen Sommer hat diese Coelogyne jetzt im Herbst ihre Bl\u00fcten entfaltet, obwohl eigentlich gar nicht gen\u00fcgend Licht vorhanden ist. Obwohl in der Literatur als duftend beschrieben tut es diese Pflanze nicht oder nur schwach.<\/p>\n<p>Wird k\u00fchl oder kalt kultiviert, aber hell in grobem Substrat. Sobald Neutriebe erscheinen kr\u00e4ftig gie\u00dfen und d\u00fcngen.<\/p>\n<figure id=\"attachment_1168\" aria-describedby=\"caption-attachment-1168\" style=\"width: 660px\" class=\"wp-caption aligncenter\"><a href=\"http:\/\/blog.orchideen-journal.de\/wp-content\/uploads\/2018\/11\/IMG_9917.jpg\"><img loading=\"lazy\" decoding=\"async\" class=\"size-large wp-image-1168\" src=\"http:\/\/blog.orchideen-journal.de\/wp-content\/uploads\/2018\/11\/IMG_9917-683x1024.jpg\" alt=\"\" width=\"660\" height=\"990\" srcset=\"https:\/\/orchideen-journal.de\/wp-content\/uploads\/2018\/11\/IMG_9917-683x1024.jpg 683w, https:\/\/orchideen-journal.de\/wp-content\/uploads\/2018\/11\/IMG_9917-200x300.jpg 200w, https:\/\/orchideen-journal.de\/wp-content\/uploads\/2018\/11\/IMG_9917-768x1152.jpg 768w\" sizes=\"(max-width: 660px) 100vw, 660px\" \/><\/a><figcaption id=\"caption-attachment-1168\" class=\"wp-caption-text\">Coelogyne nitida<\/figcaption><\/figure>\n<p>Pflanze stammt aus Nepal, Myanmar und China, sowie Thailand und Laos. H\u00f6henlage 1300 bis 2600 m auf B\u00e4umen oder moosigen Felsen. 3 &#8211; 8 &#8211; \u00a0bl\u00fctig, relativ langlebig. \u00a0Bildet sch\u00f6ne gl\u00e4nzende kugelige Bulben.<\/p>\n<p>&nbsp;<\/p>\n","protected":false},"excerpt":{"rendered":"<p>Durch den sehr hei\u00dfen Sommer hat diese Coelogyne jetzt im Herbst ihre Bl\u00fcten entfaltet, obwohl eigentlich gar nicht gen\u00fcgend Licht vorhanden ist. Obwohl in der Literatur als duftend beschrieben tut es diese Pflanze nicht oder nur schwach. Wird k\u00fchl oder kalt kultiviert, aber hell in grobem Substrat. Sobald Neutriebe erscheinen kr\u00e4ftig gie\u00dfen und d\u00fcngen. Pflanze &hellip; <\/p>\n<p class=\"link-more\"><a href=\"https:\/\/orchideen-journal.de\/?p=1167\" class=\"more-link\"><span class=\"screen-reader-text\">\u201eCoelogyne nitida  bl\u00fcht jetzt\u201c<\/span> weiterlesen<\/a><\/p>\n","protected":false},"author":3,"featured_media":0,"comment_status":"open","ping_status":"open","sticky":false,"template":"","format":"standard","meta":{"footnotes":""},"categories":[1],"tags":[],"_links":{"self":[{"href":"https:\/\/orchideen-journal.de\/index.php?rest_route=\/wp\/v2\/posts\/1167"}],"collection":[{"href":"https:\/\/orchideen-journal.de\/index.php?rest_route=\/wp\/v2\/posts"}],"about":[{"href":"https:\/\/orchideen-journal.de\/index.php?rest_route=\/wp\/v2\/types\/post"}],"author":[{"embeddable":true,"href":"https:\/\/orchideen-journal.de\/index.php?rest_route=\/wp\/v2\/users\/3"}],"replies":[{"embeddable":true,"href":"https:\/\/orchideen-journal.de\/index.php?rest_route=%2Fwp%2Fv2%2Fcomments&post=1167"}],"version-history":[{"count":2,"href":"https:\/\/orchideen-journal.de\/index.php?rest_route=\/wp\/v2\/posts\/1167\/revisions"}],"predecessor-version":[{"id":1170,"href":"https:\/\/orchideen-journal.de\/index.php?rest_route=\/wp\/v2\/posts\/1167\/revisions\/1170"}],"wp:attachment":[{"href":"https:\/\/orchideen-journal.de\/index.php?rest_route=%2Fwp%2Fv2%2Fmedia&parent=1167"}],"wp:term":[{"taxonomy":"category","embeddable":true,"href":"https:\/\/orchideen-journal.de\/index.php?rest_route=%2Fwp%2Fv2%2Fcategories&post=1167"},{"taxonomy":"post_tag","embeddable":true,"href":"https:\/\/orchideen-journal.de\/index.php?rest_route=%2Fwp%2Fv2%2Ftags&post=1167"}],"curies":[{"name":"wp","href":"https:\/\/api.w.org\/{rel}","templated":true}]}}