{"id":1132,"date":"2018-09-03T15:52:57","date_gmt":"2018-09-03T15:52:57","guid":{"rendered":"http:\/\/blog.orchideen-journal.de\/?p=1132"},"modified":"2018-09-03T15:52:57","modified_gmt":"2018-09-03T15:52:57","slug":"odontoglossum-cordatum","status":"publish","type":"post","link":"https:\/\/orchideen-journal.de\/?p=1132","title":{"rendered":"Odontoglossum cordatum"},"content":{"rendered":"<p>Obwohl diese Art ja mittlerweile einen anderen Gattungsnamen tr\u00e4gt, m\u00f6chte ich mich der Gruppe um Stig Dalstr\u00f6m und Guido de Burggraeve anschlie\u00dfen und die Art weiterhin in der alten Gattung <em>Odontoglossum<\/em> belassen.<\/p>\n<p>Aus einer alten Odontoglossumsammlung habe ich vor Jahren diese jetzt wieder bl\u00fchende Pflanze erhalten. Sie hat keine besonders sch\u00f6nen Bl\u00fcten, aber daf\u00fcr ist sie vielbl\u00fctig. Leider verzweigt die Pflanze \u00a0sich nicht, sodass immer nur ein Trieb nach dem Auswachsen den bis 50 cm langen Bl\u00fctenstand tr\u00e4gt. Eventuell ist das ein Kulturfehler.<\/p>\n<figure id=\"attachment_1133\" aria-describedby=\"caption-attachment-1133\" style=\"width: 660px\" class=\"wp-caption aligncenter\"><a href=\"http:\/\/blog.orchideen-journal.de\/wp-content\/uploads\/2018\/09\/IMG_9592.jpg\"><img loading=\"lazy\" decoding=\"async\" class=\"size-large wp-image-1133\" src=\"http:\/\/blog.orchideen-journal.de\/wp-content\/uploads\/2018\/09\/IMG_9592-1024x683.jpg\" alt=\"\" width=\"660\" height=\"440\" srcset=\"https:\/\/orchideen-journal.de\/wp-content\/uploads\/2018\/09\/IMG_9592-1024x683.jpg 1024w, https:\/\/orchideen-journal.de\/wp-content\/uploads\/2018\/09\/IMG_9592-300x200.jpg 300w, https:\/\/orchideen-journal.de\/wp-content\/uploads\/2018\/09\/IMG_9592-768x512.jpg 768w, https:\/\/orchideen-journal.de\/wp-content\/uploads\/2018\/09\/IMG_9592.jpg 1417w\" sizes=\"(max-width: 660px) 100vw, 660px\" \/><\/a><figcaption id=\"caption-attachment-1133\" class=\"wp-caption-text\">Odontoglossum cordatum<\/figcaption><\/figure>\n<p>Pflanze stammt aus H\u00f6henlagen von 1900 bis 3000m \u00fcber NN in Honduras, Venezuela, Mexiko oder Costa Rica. Sie sollte k\u00fchl kultiviert werden. Grobes Rindensubstrat ab und zu d\u00fcngen mit z.B. Orchid Focus. Junge Triebe k\u00f6nnen ausfaulen.<\/p>\n<p>Pflanze wurde 1856 von Reichenbach f. beschrieben. Heutiger Name <em>Rhynchostele cordata<\/em> 1993 Soto Arenas \u00a0&amp; \u00a0Salazar<\/p>\n<p>&nbsp;<\/p>\n","protected":false},"excerpt":{"rendered":"<p>Obwohl diese Art ja mittlerweile einen anderen Gattungsnamen tr\u00e4gt, m\u00f6chte ich mich der Gruppe um Stig Dalstr\u00f6m und Guido de Burggraeve anschlie\u00dfen und die Art weiterhin in der alten Gattung Odontoglossum belassen. Aus einer alten Odontoglossumsammlung habe ich vor Jahren diese jetzt wieder bl\u00fchende Pflanze erhalten. Sie hat keine besonders sch\u00f6nen Bl\u00fcten, aber daf\u00fcr ist &hellip; <\/p>\n<p class=\"link-more\"><a href=\"https:\/\/orchideen-journal.de\/?p=1132\" class=\"more-link\"><span class=\"screen-reader-text\">\u201eOdontoglossum cordatum\u201c<\/span> weiterlesen<\/a><\/p>\n","protected":false},"author":3,"featured_media":0,"comment_status":"open","ping_status":"open","sticky":false,"template":"","format":"standard","meta":{"footnotes":""},"categories":[1],"tags":[],"_links":{"self":[{"href":"https:\/\/orchideen-journal.de\/index.php?rest_route=\/wp\/v2\/posts\/1132"}],"collection":[{"href":"https:\/\/orchideen-journal.de\/index.php?rest_route=\/wp\/v2\/posts"}],"about":[{"href":"https:\/\/orchideen-journal.de\/index.php?rest_route=\/wp\/v2\/types\/post"}],"author":[{"embeddable":true,"href":"https:\/\/orchideen-journal.de\/index.php?rest_route=\/wp\/v2\/users\/3"}],"replies":[{"embeddable":true,"href":"https:\/\/orchideen-journal.de\/index.php?rest_route=%2Fwp%2Fv2%2Fcomments&post=1132"}],"version-history":[{"count":1,"href":"https:\/\/orchideen-journal.de\/index.php?rest_route=\/wp\/v2\/posts\/1132\/revisions"}],"predecessor-version":[{"id":1134,"href":"https:\/\/orchideen-journal.de\/index.php?rest_route=\/wp\/v2\/posts\/1132\/revisions\/1134"}],"wp:attachment":[{"href":"https:\/\/orchideen-journal.de\/index.php?rest_route=%2Fwp%2Fv2%2Fmedia&parent=1132"}],"wp:term":[{"taxonomy":"category","embeddable":true,"href":"https:\/\/orchideen-journal.de\/index.php?rest_route=%2Fwp%2Fv2%2Fcategories&post=1132"},{"taxonomy":"post_tag","embeddable":true,"href":"https:\/\/orchideen-journal.de\/index.php?rest_route=%2Fwp%2Fv2%2Ftags&post=1132"}],"curies":[{"name":"wp","href":"https:\/\/api.w.org\/{rel}","templated":true}]}}