{"id":1105,"date":"2018-06-19T13:19:24","date_gmt":"2018-06-19T13:19:24","guid":{"rendered":"http:\/\/blog.orchideen-journal.de\/?p=1105"},"modified":"2018-06-25T09:53:57","modified_gmt":"2018-06-25T09:53:57","slug":"eria-ornata-mit-faszinierender-bluete","status":"publish","type":"post","link":"https:\/\/orchideen-journal.de\/?p=1105","title":{"rendered":"Eria ornata mit  faszinierender Bl\u00fcte"},"content":{"rendered":"<p>Diese Orchidee habe ich fr\u00fcher oft in B\u00fcchern gesehen und dann habe ich sie zun\u00e4chst nie auf einer Ausstellung oder in einer Sammlung bl\u00fchend entdeckt. Ich muss sie aber wohl vor einigen Jahren einmal in Schwerte gekauft haben. Sie h\u00e4ngt im Dachfirst vom Temperierten Abteil in einer Blumenampel die Triebe haben so eine Art Stolonen zwischen Bulbe und n\u00e4chster Bulbe, sodass die Pflanze recht ausladend wirkt. Da sie nie gebl\u00fcht hat, ist sie etwas in Vergessenheit geraten. Sie steht in Rindensubstrat, welches aber im Dachfirst immer v\u00f6llig trocken ist, bzw. einmal am Tag kommt Wasser in den Topf, mal weniger mal mehr und ab und zu D\u00fcnger.<\/p>\n<figure id=\"attachment_1106\" aria-describedby=\"caption-attachment-1106\" style=\"width: 660px\" class=\"wp-caption aligncenter\"><a href=\"http:\/\/blog.orchideen-journal.de\/wp-content\/uploads\/2018\/06\/IMG_9561.jpg\"><img loading=\"lazy\" decoding=\"async\" class=\"size-large wp-image-1106\" src=\"http:\/\/blog.orchideen-journal.de\/wp-content\/uploads\/2018\/06\/IMG_9561-1024x683.jpg\" alt=\"\" width=\"660\" height=\"440\" srcset=\"https:\/\/orchideen-journal.de\/wp-content\/uploads\/2018\/06\/IMG_9561-1024x683.jpg 1024w, https:\/\/orchideen-journal.de\/wp-content\/uploads\/2018\/06\/IMG_9561-300x200.jpg 300w, https:\/\/orchideen-journal.de\/wp-content\/uploads\/2018\/06\/IMG_9561-768x512.jpg 768w, https:\/\/orchideen-journal.de\/wp-content\/uploads\/2018\/06\/IMG_9561.jpg 1134w\" sizes=\"(max-width: 660px) 100vw, 660px\" \/><\/a><figcaption id=\"caption-attachment-1106\" class=\"wp-caption-text\">Eria ornata<\/figcaption><\/figure>\n<p>Pflanze stammt aus S\u00fcdostasien und ist dort weit verbreitet, w\u00e4chst in niedrigen Bergw\u00e4ldern in H\u00f6hen zwischen 300 bis 1500m H\u00f6he. Soll mit allen Temperaturen zurecht kommen. Das scheint zu stimmen, sie verzeiht Pflegefehler. Beschrieben von Lindley 1830.<\/p>\n<figure id=\"attachment_1107\" aria-describedby=\"caption-attachment-1107\" style=\"width: 660px\" class=\"wp-caption aligncenter\"><a href=\"http:\/\/blog.orchideen-journal.de\/wp-content\/uploads\/2018\/06\/IMG_9565.jpg\"><img loading=\"lazy\" decoding=\"async\" class=\"size-large wp-image-1107\" src=\"http:\/\/blog.orchideen-journal.de\/wp-content\/uploads\/2018\/06\/IMG_9565-683x1024.jpg\" alt=\"\" width=\"660\" height=\"990\" srcset=\"https:\/\/orchideen-journal.de\/wp-content\/uploads\/2018\/06\/IMG_9565-683x1024.jpg 683w, https:\/\/orchideen-journal.de\/wp-content\/uploads\/2018\/06\/IMG_9565-200x300.jpg 200w, https:\/\/orchideen-journal.de\/wp-content\/uploads\/2018\/06\/IMG_9565-768x1152.jpg 768w, https:\/\/orchideen-journal.de\/wp-content\/uploads\/2018\/06\/IMG_9565.jpg 1134w\" sizes=\"(max-width: 660px) 100vw, 660px\" \/><\/a><figcaption id=\"caption-attachment-1107\" class=\"wp-caption-text\">Triebe von Eria ornata<\/figcaption><\/figure>\n<p>&nbsp;<\/p>\n<p>Die eigentlichen Bl\u00fcten sitzen zwischen einer Art Hochbl\u00e4ttern und sind sehr unscheinbar. Lediglich der Gesamtbl\u00fctenstand wirkt.<\/p>\n","protected":false},"excerpt":{"rendered":"<p>Diese Orchidee habe ich fr\u00fcher oft in B\u00fcchern gesehen und dann habe ich sie zun\u00e4chst nie auf einer Ausstellung oder in einer Sammlung bl\u00fchend entdeckt. Ich muss sie aber wohl vor einigen Jahren einmal in Schwerte gekauft haben. Sie h\u00e4ngt im Dachfirst vom Temperierten Abteil in einer Blumenampel die Triebe haben so eine Art Stolonen &hellip; <\/p>\n<p class=\"link-more\"><a href=\"https:\/\/orchideen-journal.de\/?p=1105\" class=\"more-link\"><span class=\"screen-reader-text\">\u201eEria ornata mit  faszinierender Bl\u00fcte\u201c<\/span> weiterlesen<\/a><\/p>\n","protected":false},"author":3,"featured_media":0,"comment_status":"open","ping_status":"open","sticky":false,"template":"","format":"standard","meta":{"footnotes":""},"categories":[1],"tags":[],"_links":{"self":[{"href":"https:\/\/orchideen-journal.de\/index.php?rest_route=\/wp\/v2\/posts\/1105"}],"collection":[{"href":"https:\/\/orchideen-journal.de\/index.php?rest_route=\/wp\/v2\/posts"}],"about":[{"href":"https:\/\/orchideen-journal.de\/index.php?rest_route=\/wp\/v2\/types\/post"}],"author":[{"embeddable":true,"href":"https:\/\/orchideen-journal.de\/index.php?rest_route=\/wp\/v2\/users\/3"}],"replies":[{"embeddable":true,"href":"https:\/\/orchideen-journal.de\/index.php?rest_route=%2Fwp%2Fv2%2Fcomments&post=1105"}],"version-history":[{"count":3,"href":"https:\/\/orchideen-journal.de\/index.php?rest_route=\/wp\/v2\/posts\/1105\/revisions"}],"predecessor-version":[{"id":1110,"href":"https:\/\/orchideen-journal.de\/index.php?rest_route=\/wp\/v2\/posts\/1105\/revisions\/1110"}],"wp:attachment":[{"href":"https:\/\/orchideen-journal.de\/index.php?rest_route=%2Fwp%2Fv2%2Fmedia&parent=1105"}],"wp:term":[{"taxonomy":"category","embeddable":true,"href":"https:\/\/orchideen-journal.de\/index.php?rest_route=%2Fwp%2Fv2%2Fcategories&post=1105"},{"taxonomy":"post_tag","embeddable":true,"href":"https:\/\/orchideen-journal.de\/index.php?rest_route=%2Fwp%2Fv2%2Ftags&post=1105"}],"curies":[{"name":"wp","href":"https:\/\/api.w.org\/{rel}","templated":true}]}}