{"id":1090,"date":"2018-06-01T10:14:05","date_gmt":"2018-06-01T10:14:05","guid":{"rendered":"http:\/\/blog.orchideen-journal.de\/?p=1090"},"modified":"2018-06-01T10:14:05","modified_gmt":"2018-06-01T10:14:05","slug":"warum-wachsen-meine-orchideen-eigentlich-jetzt-im-sommer-nicht-so-richtig","status":"publish","type":"post","link":"https:\/\/orchideen-journal.de\/?p=1090","title":{"rendered":"Warum wachsen meine Orchideen eigentlich jetzt im Sommer  nicht so richtig ?"},"content":{"rendered":"<p>Einige Bemerkungen zur Biologie der Orchideen<\/p>\n<p>Tropische Orchideen stammen aus Gegenden mit ungef\u00e4hrer Tag- und Nachtgleiche, d.h. 12 Stunden steht Licht zur Verf\u00fcgung und 12 Stunden kein Licht. Viele Orchideen der Tropen, wenn nicht sogar die meisten, benutzen f\u00fcr ihre Fotosynthese das sog. CAM Verfahren. Dabei wird w\u00e4hrend der Nacht Kohlenstoffdioxid in den Pflanzengeweben gespeichert und am Tag von den Chlorophyll-Molek\u00fclen in Zucker umgewandelt. Die Fotosynthese bei tropischen Orchideen beginnt bei ungef\u00e4hr 1500 Lux und endet bei 50 000 Lux, wobei diese 1500 Lux den sogenannten Kompensationspunkt beschreiben. Ab diesem Wert (und darunter) \u00fcbersteigt die Produktion des Zuckers seine Veratmung . Neben der Beleuchtung ist auch die Temperatur ein begrenzender Faktor: Oberhalb von 30\u00b0C finden sehr wahrscheinlich keine Stoffwechselprozesse in den Pflanzen mehr statt. Der erzeugte Zucker wird nachts veratmet, man kann auch sagen, verbrannt, um Energie f\u00fcr das Wachstum bereitzustellen. Dabei wird Sauerstoff verbraucht. Da aber in unseren Sommern noch bis fast 22 Uhr Beleuchtungsst\u00e4rken von mindestens 1500 Lux herrschen und die Temperatur auch noch sehr hoch ist, kann die Veratmung nicht stattfinden, da die Spalt\u00f6ffnungen nicht ge\u00f6ffnet werden, um Wasserverlust zu vermeiden. Ab ca. 5.00 Uhr ist es wieder hell, die Spalt\u00f6ffnungen sind wieder geschlossen. Zwar wird Zucker produziert, aber an Wachstum ist nicht zu denken, denn die Pflanze ist ja mit \u00dcberleben besch\u00e4ftigt. Erst wenn die Tage wieder k\u00fcrzer werden und so langsam eine Tag und Nachtgleiche erreicht wird, kann die l\u00e4ngere Dunkelphase zum Wachstum genutzt werden. Streng genommen wachsen unsere Orchideen im Dunkeln.<\/p>\n<p>\u00dcbrigens:<\/p>\n<p>Im Winter reicht bei den Kurztagen die Sonneneinstrahlung oft nicht aus, um gen\u00fcgend Zucker zu produzieren, und damit ist dann der Energiemangel der wachstumshemmende Faktor.<\/p>\n","protected":false},"excerpt":{"rendered":"<p>Einige Bemerkungen zur Biologie der Orchideen Tropische Orchideen stammen aus Gegenden mit ungef\u00e4hrer Tag- und Nachtgleiche, d.h. 12 Stunden steht Licht zur Verf\u00fcgung und 12 Stunden kein Licht. Viele Orchideen der Tropen, wenn nicht sogar die meisten, benutzen f\u00fcr ihre Fotosynthese das sog. CAM Verfahren. Dabei wird w\u00e4hrend der Nacht Kohlenstoffdioxid in den Pflanzengeweben gespeichert &hellip; <\/p>\n<p class=\"link-more\"><a href=\"https:\/\/orchideen-journal.de\/?p=1090\" class=\"more-link\"><span class=\"screen-reader-text\">\u201eWarum wachsen meine Orchideen eigentlich jetzt im Sommer  nicht so richtig ?\u201c<\/span> weiterlesen<\/a><\/p>\n","protected":false},"author":3,"featured_media":0,"comment_status":"open","ping_status":"open","sticky":false,"template":"","format":"standard","meta":{"footnotes":""},"categories":[1],"tags":[],"_links":{"self":[{"href":"https:\/\/orchideen-journal.de\/index.php?rest_route=\/wp\/v2\/posts\/1090"}],"collection":[{"href":"https:\/\/orchideen-journal.de\/index.php?rest_route=\/wp\/v2\/posts"}],"about":[{"href":"https:\/\/orchideen-journal.de\/index.php?rest_route=\/wp\/v2\/types\/post"}],"author":[{"embeddable":true,"href":"https:\/\/orchideen-journal.de\/index.php?rest_route=\/wp\/v2\/users\/3"}],"replies":[{"embeddable":true,"href":"https:\/\/orchideen-journal.de\/index.php?rest_route=%2Fwp%2Fv2%2Fcomments&post=1090"}],"version-history":[{"count":1,"href":"https:\/\/orchideen-journal.de\/index.php?rest_route=\/wp\/v2\/posts\/1090\/revisions"}],"predecessor-version":[{"id":1091,"href":"https:\/\/orchideen-journal.de\/index.php?rest_route=\/wp\/v2\/posts\/1090\/revisions\/1091"}],"wp:attachment":[{"href":"https:\/\/orchideen-journal.de\/index.php?rest_route=%2Fwp%2Fv2%2Fmedia&parent=1090"}],"wp:term":[{"taxonomy":"category","embeddable":true,"href":"https:\/\/orchideen-journal.de\/index.php?rest_route=%2Fwp%2Fv2%2Fcategories&post=1090"},{"taxonomy":"post_tag","embeddable":true,"href":"https:\/\/orchideen-journal.de\/index.php?rest_route=%2Fwp%2Fv2%2Ftags&post=1090"}],"curies":[{"name":"wp","href":"https:\/\/api.w.org\/{rel}","templated":true}]}}