{"id":1023,"date":"2018-02-24T16:09:53","date_gmt":"2018-02-24T16:09:53","guid":{"rendered":"http:\/\/blog.orchideen-journal.de\/?p=1023"},"modified":"2018-02-24T16:09:53","modified_gmt":"2018-02-24T16:09:53","slug":"dendrobium-faciferum-blueht","status":"publish","type":"post","link":"https:\/\/orchideen-journal.de\/?p=1023","title":{"rendered":"Dendrobium faciferum bl\u00fcht"},"content":{"rendered":"<p>Seit jetzt \u00fcber zwei Wochen scheint hier im sog. Sauerland die Sonne, sodass sich einige Orchideen \u00fcberlegt haben doch zu bl\u00fchen. Eine davon ist <em>Dendrobium faciferum<\/em> mit kleinen rotorangen Bl\u00fcten. Da ich diese Orchidee schon immer toll fand und mit ihr leider schlechte Erfahrungen gemacht habe, das sie sehr anf\u00e4llig f\u00fcr Fusarium (Pilzerkrankung) sind. Diese Krankheit bef\u00e4llt die Pflanze und sie stirbt innerhalb von wenigen Tagen ab. Zur\u00fcck bleiben hellgelb gef\u00e4rbte Bulben. G\u00e4rtner haben wir erkl\u00e4rt. dass auch sie solche Pflanzen sofort wegwerfen, um eine Infektion des Bestandes zu vermeiden.<\/p>\n<figure id=\"attachment_1024\" aria-describedby=\"caption-attachment-1024\" style=\"width: 660px\" class=\"wp-caption aligncenter\"><a href=\"http:\/\/blog.orchideen-journal.de\/wp-content\/uploads\/2018\/02\/IMG_6856.jpg\"><img loading=\"lazy\" decoding=\"async\" class=\"size-large wp-image-1024\" src=\"http:\/\/blog.orchideen-journal.de\/wp-content\/uploads\/2018\/02\/IMG_6856-1024x683.jpg\" alt=\"\" width=\"660\" height=\"440\" srcset=\"https:\/\/orchideen-journal.de\/wp-content\/uploads\/2018\/02\/IMG_6856-1024x683.jpg 1024w, https:\/\/orchideen-journal.de\/wp-content\/uploads\/2018\/02\/IMG_6856-300x200.jpg 300w, https:\/\/orchideen-journal.de\/wp-content\/uploads\/2018\/02\/IMG_6856-768x512.jpg 768w\" sizes=\"(max-width: 660px) 100vw, 660px\" \/><\/a><figcaption id=\"caption-attachment-1024\" class=\"wp-caption-text\">Dendrobium faciferum<\/figcaption><\/figure>\n<p><em>Dendrobium faciferum<\/em> ist von Smith 1908 \u00a0f\u00fcr die Molukken, Sulawesi und die kleineren Sundainseln f\u00fcr H\u00f6henlagen bis 350 m \u00fcber NN beschrieben worden. Sie ist ein Epiphyt auf alten Mangroven und litoralen Waldst\u00fccken an Fl\u00fcssen. Die Pflanze wird recht gro\u00df, Triebe bis \u00fcber 150 cm, charakteristisch sind die unten keulenf\u00f6rmigen Bulben, die im Alter l\u00e4ngs gefurcht sind. Bl\u00fcten 2-5 aus dem blattlosen oberen Triebst\u00fccken. Achtung diese nicht abschneiden, sie k\u00f6nnen \u00fcber mehrere Jahre Bl\u00fcten generieren. Kultur wie bei allen Dendrobien m\u00f6glichst kleiner Topf, grobes Substrat, Wenn die Pflanze w\u00e4chst kr\u00e4ftig w\u00e4ssern und d\u00fcngen.<\/p>\n","protected":false},"excerpt":{"rendered":"<p>Seit jetzt \u00fcber zwei Wochen scheint hier im sog. Sauerland die Sonne, sodass sich einige Orchideen \u00fcberlegt haben doch zu bl\u00fchen. Eine davon ist Dendrobium faciferum mit kleinen rotorangen Bl\u00fcten. Da ich diese Orchidee schon immer toll fand und mit ihr leider schlechte Erfahrungen gemacht habe, das sie sehr anf\u00e4llig f\u00fcr Fusarium (Pilzerkrankung) sind. Diese &hellip; <\/p>\n<p class=\"link-more\"><a href=\"https:\/\/orchideen-journal.de\/?p=1023\" class=\"more-link\"><span class=\"screen-reader-text\">\u201eDendrobium faciferum bl\u00fcht\u201c<\/span> weiterlesen<\/a><\/p>\n","protected":false},"author":3,"featured_media":0,"comment_status":"open","ping_status":"open","sticky":false,"template":"","format":"standard","meta":{"footnotes":""},"categories":[1],"tags":[],"_links":{"self":[{"href":"https:\/\/orchideen-journal.de\/index.php?rest_route=\/wp\/v2\/posts\/1023"}],"collection":[{"href":"https:\/\/orchideen-journal.de\/index.php?rest_route=\/wp\/v2\/posts"}],"about":[{"href":"https:\/\/orchideen-journal.de\/index.php?rest_route=\/wp\/v2\/types\/post"}],"author":[{"embeddable":true,"href":"https:\/\/orchideen-journal.de\/index.php?rest_route=\/wp\/v2\/users\/3"}],"replies":[{"embeddable":true,"href":"https:\/\/orchideen-journal.de\/index.php?rest_route=%2Fwp%2Fv2%2Fcomments&post=1023"}],"version-history":[{"count":1,"href":"https:\/\/orchideen-journal.de\/index.php?rest_route=\/wp\/v2\/posts\/1023\/revisions"}],"predecessor-version":[{"id":1025,"href":"https:\/\/orchideen-journal.de\/index.php?rest_route=\/wp\/v2\/posts\/1023\/revisions\/1025"}],"wp:attachment":[{"href":"https:\/\/orchideen-journal.de\/index.php?rest_route=%2Fwp%2Fv2%2Fmedia&parent=1023"}],"wp:term":[{"taxonomy":"category","embeddable":true,"href":"https:\/\/orchideen-journal.de\/index.php?rest_route=%2Fwp%2Fv2%2Fcategories&post=1023"},{"taxonomy":"post_tag","embeddable":true,"href":"https:\/\/orchideen-journal.de\/index.php?rest_route=%2Fwp%2Fv2%2Ftags&post=1023"}],"curies":[{"name":"wp","href":"https:\/\/api.w.org\/{rel}","templated":true}]}}